{"id":945,"date":"2022-10-20T06:35:07","date_gmt":"2022-10-20T06:35:07","guid":{"rendered":"http:\/\/lu-sezana.si\/kosovelova-soba\/?p=945"},"modified":"2023-01-19T14:21:36","modified_gmt":"2023-01-19T14:21:36","slug":"kulturo-na-cesto-2-in-ostri-ritmi-andreja-stularja","status":"publish","type":"post","link":"https:\/\/lu-sezana.si\/kosovelova-soba\/kulturo-na-cesto-2-in-ostri-ritmi-andreja-stularja\/","title":{"rendered":"Kulturo na cesto #2 in Ostri ritmi Andreja \u0160tularja"},"content":{"rendered":"<div class=\"\" dir=\"auto\">\n<div class=\"\" dir=\"auto\">\n<div class=\"ecm0bbzt hv4rvrfc ihqw7lf3 dati1w0a\" data-ad-comet-preview=\"message\" data-ad-preview=\"message\">\n<div class=\"j83agx80 cbu4d94t ew0dbk1b irj2b8pg\">\n<div class=\"qzhwtbm6 knvmm38d\">\n<div>\n<div><b>V petek, 27. 5. 2022, ko se spominjamo legende Sre\u010dka Kosovela, saj obele\u017eujemo obletnico njegove smrti, se je v Se\u017eani odvila intervencija KULTURO NA CESTO!<\/b><\/div>\n<\/div>\n<\/div>\n<div><img decoding=\"async\" loading=\"lazy\" class=\"alignnone wp-image-917\" src=\"http:\/\/lu-sezana.si\/kosovelova-soba\/wp-content\/uploads\/2022\/05\/Kulturo-na-cesto-banner-300x157.png\" alt=\"\" width=\"350\" height=\"183\" srcset=\"https:\/\/lu-sezana.si\/kosovelova-soba\/wp-content\/uploads\/2022\/05\/Kulturo-na-cesto-banner-300x157.png 300w, https:\/\/lu-sezana.si\/kosovelova-soba\/wp-content\/uploads\/2022\/05\/Kulturo-na-cesto-banner-768x402.png 768w, https:\/\/lu-sezana.si\/kosovelova-soba\/wp-content\/uploads\/2022\/05\/Kulturo-na-cesto-banner-1024x536.png 1024w\" sizes=\"(max-width: 350px) 100vw, 350px\" \/><\/div>\n<div>\n<p>Plakatna mesta je v svoje ateljeje spremenilo kar 15 lokalnih ustvarjalk in ustvarjalcev, na vseh lokacijah so bili pritrjeni tudi bloki s poezijo, ki so jih obiskovalci lahko odtrgali in odnesli s seboj.<u><\/u><u><\/u><\/p>\n<p>V Parku pri Starem gradu in po ulicah Se\u017eane so bili z nami tudi lokalni glasbeniki.<\/p>\n<p>Na Kosovelovi ulici, ki je bila na ta dan delno zaprta za promet, so se na POPup \u0160OPku, ustvarjalni tr\u017enici, predstavili lokalni ustvarjalci in ustvarjalke.<\/p>\n<p>Dogodek smo zaklju\u010dili ob 20h v Kosovelovem domu (Srednja dvorana) s predstavitvijo knjige OSTRI RITMI Andreja \u0160tularja.<u><\/u><u><\/u><\/p>\n<p>V projektu 2022 sodelujemo: Kosovelov dom Se\u017eana, Kosovelova spominska soba v okviru Ljudske univerze Se\u017eana, Klub \u0161tudentov Se\u017eana, Mladinski center Podlaga ter Kulturno-umetni\u0161ko in izobra\u017eevalno dru\u0161tvo Konstruktivist, ki je lanski aktivistki Ma\u0161o Pu\u0161nik in Jovano \u0110uki\u0107 vzel \u2018pod svoje okrilje\u2019.<u><\/u><u><\/u><\/p>\n<p class=\"m_-6574521485290391736m1609157265287121668last-child\">PROJEKT SOFINANCIRA OB\u010cINA SE\u017dANA iz sredstev razpisa Mladinski projekti in akcije 2022.<\/p>\n<p>&nbsp;<\/p>\n<\/div>\n<\/div>\n<\/div>\n<\/div>\n<\/div>\n<p><b>LITERARNI IN LIKOVNI USTVARJALCI<\/b><u><\/u><u><\/u><\/p>\n<p>Petnajst Tam-Tam plakatnih mest po Se\u017eani bo na dan dogodka preoble\u010denih v belo barvo \u2013 z delom lokalnih ustvarjalcev bodo ta dan plakati dobili novo podobo.<u><\/u><u><\/u><\/p>\n<p>Letos so se nam predstavili likovni ustvarjalci in ustvarjalke Ana \u0160\u010duka, Medina Lekovi\u0107, Ana Stevanovski, Tai K\u00fcssel, Zala Reberc, Petra Grmek, Ur\u0161ka Bizjak, Ana Batisti\u010d, Karolina Maru\u0161i\u010d, Anja Majcen, Nik Pregl Martinec, Eva \u0160vigelj, Tim Matkovi\u010d, Jovana \u0110uki\u0107 in Ma\u0161a Pu\u0161nik.<\/p>\n<p>Z literarnimi prispevki so se predstavili Nik Pregl Martinec, Eva \u0160vigelj, Mojca Sovdat, Timotej Konec, Ilse, Alja Cergol, Nika Kocjan\u010di\u010d in Anja Papuga. Poezijo in kratko prozo boste lahko obiskovalci odnesli s seboj.<u><\/u><u><\/u><\/p>\n<p>&nbsp;<\/p>\n<p>Dogodek smo zaklju\u010dili v Kosovelovem domu ob 20.00 s predstavitvijo knjige Andreja \u0160tularja OSTRI RITMI.<u><\/u><u><\/u><\/p>\n<p>V knjigi je Andrej \u0160tular upodobil izbrane pesmi in druga besedila Sre\u010dka Kosovela. Z njegovimi upodobitvami se tako prostor interpretacije \u0161e raz\u0161iri in da bralcu dodaten navdih. Knjiga je kot posebna izdaja revije Stripburger pri zalo\u017ebi Forum Ljubljana iz\u0161la oktobra 2021.<u><\/u><u><\/u><\/p>\n<p>Andrej \u0160tular je ustvarjalec, ki je dejaven na razli\u010dnih umetni\u0161kih podro\u010djih. Pri njem se dokaj enakovredno prepletajo podro\u010dja ilustracije in stripa, slikarstva, kiparstva, fotografije in filma ter oblikovanja lutk in scenografij. Razstavlja na samostojnih in skupinskih razstavah v Sloveniji in sodeluje na mednarodnih festivalih.<u><\/u><u><\/u><\/p>\n<p>Z Andrejem se je pogovarjal Matej Kocjan \u2013 Koco.<u><\/u><u><\/u><\/p>\n<p><img decoding=\"async\" loading=\"lazy\" class=\"alignnone size-medium wp-image-918\" src=\"http:\/\/lu-sezana.si\/kosovelova-soba\/wp-content\/uploads\/2022\/05\/stular_ostri_ritmi_naslovka-247x300.jpg\" alt=\"\" width=\"247\" height=\"300\" srcset=\"https:\/\/lu-sezana.si\/kosovelova-soba\/wp-content\/uploads\/2022\/05\/stular_ostri_ritmi_naslovka-247x300.jpg 247w, https:\/\/lu-sezana.si\/kosovelova-soba\/wp-content\/uploads\/2022\/05\/stular_ostri_ritmi_naslovka-768x932.jpg 768w, https:\/\/lu-sezana.si\/kosovelova-soba\/wp-content\/uploads\/2022\/05\/stular_ostri_ritmi_naslovka-844x1024.jpg 844w\" sizes=\"(max-width: 247px) 100vw, 247px\" \/>&nbsp;&nbsp;&nbsp;&nbsp;&nbsp;&nbsp;&nbsp;&nbsp;&nbsp;&nbsp;&nbsp;&nbsp; <img decoding=\"async\" loading=\"lazy\" class=\"alignnone size-medium wp-image-921\" src=\"http:\/\/lu-sezana.si\/kosovelova-soba\/wp-content\/uploads\/2022\/05\/stular_ostri_ritmi_rime_04-2-248x300.jpg\" alt=\"\" width=\"248\" height=\"300\" srcset=\"https:\/\/lu-sezana.si\/kosovelova-soba\/wp-content\/uploads\/2022\/05\/stular_ostri_ritmi_rime_04-2-248x300.jpg 248w, https:\/\/lu-sezana.si\/kosovelova-soba\/wp-content\/uploads\/2022\/05\/stular_ostri_ritmi_rime_04-2-768x930.jpg 768w, https:\/\/lu-sezana.si\/kosovelova-soba\/wp-content\/uploads\/2022\/05\/stular_ostri_ritmi_rime_04-2-846x1024.jpg 846w\" sizes=\"(max-width: 248px) 100vw, 248px\" \/><\/p>\n<p>&nbsp;<\/p>\n","protected":false},"excerpt":{"rendered":"<p>V petek, 27. 5. 2022, ko se spominjamo legende Sre\u010dka Kosovela, saj obele\u017eujemo obletnico njegove smrti, se je v Se\u017eani odvila intervencija KULTURO NA CESTO! Plakatna mesta je v svoje ateljeje spremenilo kar 15 lokalnih ustvarjalk in ustvarjalcev, na vseh lokacijah so bili pritrjeni tudi bloki s poezijo, ki so jih obiskovalci lahko odtrgali in [&hellip;]<\/p>\n","protected":false},"author":2,"featured_media":917,"comment_status":"closed","ping_status":"closed","sticky":false,"template":"","format":"standard","meta":{"_et_pb_use_builder":"","_et_pb_old_content":"","_et_gb_content_width":""},"categories":[2],"tags":[],"_links":{"self":[{"href":"https:\/\/lu-sezana.si\/kosovelova-soba\/wp-json\/wp\/v2\/posts\/945"}],"collection":[{"href":"https:\/\/lu-sezana.si\/kosovelova-soba\/wp-json\/wp\/v2\/posts"}],"about":[{"href":"https:\/\/lu-sezana.si\/kosovelova-soba\/wp-json\/wp\/v2\/types\/post"}],"author":[{"embeddable":true,"href":"https:\/\/lu-sezana.si\/kosovelova-soba\/wp-json\/wp\/v2\/users\/2"}],"replies":[{"embeddable":true,"href":"https:\/\/lu-sezana.si\/kosovelova-soba\/wp-json\/wp\/v2\/comments?post=945"}],"version-history":[{"count":2,"href":"https:\/\/lu-sezana.si\/kosovelova-soba\/wp-json\/wp\/v2\/posts\/945\/revisions"}],"predecessor-version":[{"id":1052,"href":"https:\/\/lu-sezana.si\/kosovelova-soba\/wp-json\/wp\/v2\/posts\/945\/revisions\/1052"}],"wp:featuredmedia":[{"embeddable":true,"href":"https:\/\/lu-sezana.si\/kosovelova-soba\/wp-json\/wp\/v2\/media\/917"}],"wp:attachment":[{"href":"https:\/\/lu-sezana.si\/kosovelova-soba\/wp-json\/wp\/v2\/media?parent=945"}],"wp:term":[{"taxonomy":"category","embeddable":true,"href":"https:\/\/lu-sezana.si\/kosovelova-soba\/wp-json\/wp\/v2\/categories?post=945"},{"taxonomy":"post_tag","embeddable":true,"href":"https:\/\/lu-sezana.si\/kosovelova-soba\/wp-json\/wp\/v2\/tags?post=945"}],"curies":[{"name":"wp","href":"https:\/\/api.w.org\/{rel}","templated":true}]}}