{"id":910,"date":"2022-05-20T06:13:17","date_gmt":"2022-05-20T06:13:17","guid":{"rendered":"http:\/\/lu-sezana.si\/kosovelova-soba\/?p=910"},"modified":"2023-01-19T14:22:08","modified_gmt":"2023-01-19T14:22:08","slug":"beremo-in-gledamo-4-parfum","status":"publish","type":"post","link":"https:\/\/lu-sezana.si\/kosovelova-soba\/beremo-in-gledamo-4-parfum\/","title":{"rendered":"BEREMO IN GLEDAMO #4: PARFUM"},"content":{"rendered":"<div>V sklopu projekta BEREMO IN GLEDAMO smo se po dvoletni pavzi ponovno sre\u010dali v \u017eivo na zadnjem dogodku \u010detrte sezone projekta na pogovoru o uspe\u0161nici nem\u0161kega avtorja Patricka S\u00fcskinda PARFUM, ki je bil v<\/div>\n<div><\/div>\n<div><\/div>\n<div class=\"qzhwtbm6 knvmm38d\">\n<h2>petek, 6. maja 2022, ob 18.00 v Kosovelovi spominski sobi.<\/h2>\n<p>&nbsp;<\/p>\n<p>Osrednji lik Jean Baptiste Grenouille se rodi sredi 18. stoletja v najbolj ne\u010distem, gnusnem in smrde\u010dem predelu Pariza. \u017de od rojstva je Grenouille nekaj posebnega. Mol\u010de\u010d, vase zaprt fant, ki svet do\u017eivlja preko vonja, ki ga stvari in ljudje oddajajo. Sam je popolnoma brez lastnega vonja, ima pa nadnaravno sposobnost zaznavanja vonjav. \u017de od majhnega raziskuje raznolike vonje, ki jih shranjuje v svojem notranjem kraljestvu. Vonji so zanj kot knjige, v katere se potaplja bralec.<\/p>\n<p>Grenouille vidi smisel svojega obstoja v tem, da ustvari popolno di\u0161avo, ki bo oddajala ljubkost, mo\u010d, trajnost, raznolikost in lepoto. Pri odkrivanju te bo\u017eanske di\u0161ave se ne zadovolji z obi\u010dajnimi sestavinami za me\u0161anje parfumov.<\/p>\n<p>&nbsp;<\/p>\n<p>Parfum je takoj po izidu leta 1985 do\u017eivel izreden mednarodni uspeh in bil leta 2006 upodobljen tudi na filmskem platnu.<\/p>\n<p>&nbsp;<\/p>\n<p>O romanu, filmu in pomenu vonja se je Mateja Kralj pogovarjala z <a href=\"https:\/\/barbarapiajenic.com\/\" target=\"_blank\" rel=\"noopener\">Barbaro Pio Jeni\u010d<\/a> in Rokom Govednikom. Barbara Pia Jeni\u010d iz zavoda <a href=\"https:\/\/barbarapiajenic.com\/en\/senzorium-2\/\" target=\"_blank\" rel=\"noopener\">Senzorium<\/a> raziskuje uporabo vonjev, zvoka, taktilnosti in giba v gledali\u0161\u010du in umetnosti nasploh ter doseganje efekta potopitve v dogajanje. Rok Govednik iz Zavoda za uveljavljanje vizualne kulture <a href=\"https:\/\/vizo.si\/\" target=\"_blank\" rel=\"noopener\">Vizo<\/a> se ukvarja predvsem s filmsko vzgojo, filmski kritiko, produkcijo in organizacijo filmskih dogodkov ter festivalov.<\/p>\n<p>Projekt \u201cBEREMO IN GLEDAMO #4\u201d sooblikujemo Kosovelov dom, Kosovelova knji\u017enica, Kosovelova spominska soba \u2013 Ljudska univerza Se\u017eana in Mladinski center Podlaga.<\/p>\n<\/div>\n<p><img decoding=\"async\" loading=\"lazy\" class=\"alignnone wp-image-903\" src=\"http:\/\/lu-sezana.si\/kosovelova-soba\/wp-content\/uploads\/2022\/04\/Beremo-in-gledamo-Parfum-FB-300x251.png\" sizes=\"(max-width: 447px) 100vw, 447px\" srcset=\"http:\/\/lu-sezana.si\/kosovelova-soba\/wp-content\/uploads\/2022\/04\/Beremo-in-gledamo-Parfum-FB-300x251.png 300w, http:\/\/lu-sezana.si\/kosovelova-soba\/wp-content\/uploads\/2022\/04\/Beremo-in-gledamo-Parfum-FB-768x644.png 768w, http:\/\/lu-sezana.si\/kosovelova-soba\/wp-content\/uploads\/2022\/04\/Beremo-in-gledamo-Parfum-FB.png 940w\" alt=\"\" width=\"447\" height=\"374\"><\/p>\n","protected":false},"excerpt":{"rendered":"<p>V sklopu projekta BEREMO IN GLEDAMO smo se po dvoletni pavzi ponovno sre\u010dali v \u017eivo na zadnjem dogodku \u010detrte sezone projekta na pogovoru o uspe\u0161nici nem\u0161kega avtorja Patricka S\u00fcskinda PARFUM, ki je bil v petek, 6. maja 2022, ob 18.00 v Kosovelovi spominski sobi. &nbsp; Osrednji lik Jean Baptiste Grenouille se rodi sredi 18. stoletja [&hellip;]<\/p>\n","protected":false},"author":2,"featured_media":903,"comment_status":"closed","ping_status":"closed","sticky":false,"template":"","format":"standard","meta":{"_et_pb_use_builder":"","_et_pb_old_content":"","_et_gb_content_width":""},"categories":[2],"tags":[],"_links":{"self":[{"href":"https:\/\/lu-sezana.si\/kosovelova-soba\/wp-json\/wp\/v2\/posts\/910"}],"collection":[{"href":"https:\/\/lu-sezana.si\/kosovelova-soba\/wp-json\/wp\/v2\/posts"}],"about":[{"href":"https:\/\/lu-sezana.si\/kosovelova-soba\/wp-json\/wp\/v2\/types\/post"}],"author":[{"embeddable":true,"href":"https:\/\/lu-sezana.si\/kosovelova-soba\/wp-json\/wp\/v2\/users\/2"}],"replies":[{"embeddable":true,"href":"https:\/\/lu-sezana.si\/kosovelova-soba\/wp-json\/wp\/v2\/comments?post=910"}],"version-history":[{"count":2,"href":"https:\/\/lu-sezana.si\/kosovelova-soba\/wp-json\/wp\/v2\/posts\/910\/revisions"}],"predecessor-version":[{"id":1053,"href":"https:\/\/lu-sezana.si\/kosovelova-soba\/wp-json\/wp\/v2\/posts\/910\/revisions\/1053"}],"wp:featuredmedia":[{"embeddable":true,"href":"https:\/\/lu-sezana.si\/kosovelova-soba\/wp-json\/wp\/v2\/media\/903"}],"wp:attachment":[{"href":"https:\/\/lu-sezana.si\/kosovelova-soba\/wp-json\/wp\/v2\/media?parent=910"}],"wp:term":[{"taxonomy":"category","embeddable":true,"href":"https:\/\/lu-sezana.si\/kosovelova-soba\/wp-json\/wp\/v2\/categories?post=910"},{"taxonomy":"post_tag","embeddable":true,"href":"https:\/\/lu-sezana.si\/kosovelova-soba\/wp-json\/wp\/v2\/tags?post=910"}],"curies":[{"name":"wp","href":"https:\/\/api.w.org\/{rel}","templated":true}]}}