{"id":881,"date":"2022-03-22T13:02:07","date_gmt":"2022-03-22T13:02:07","guid":{"rendered":"http:\/\/lu-sezana.si\/kosovelova-soba\/?p=881"},"modified":"2023-01-19T14:22:47","modified_gmt":"2023-01-19T14:22:47","slug":"na-ulici-2","status":"publish","type":"post","link":"https:\/\/lu-sezana.si\/kosovelova-soba\/na-ulici-2\/","title":{"rendered":"Na ulici #2"},"content":{"rendered":"<h2>Sre\u010dko Kosovel Na ulici #2<\/h2>\n<p>18. marec 2022 &#8211; sedem pravlji\u010dnih let po tem, ko smo prvi\u010d odtisnili Kosovelovo pesem &#8220;Na ulici&#8221; na plo\u010dnik v sredi\u0161\u010du Se\u017eane, smo obnovili napis ob 118. obletnici pesnikovega rojstva. S projektom Na ulici opozarjamo, da se je v Se\u017eani rodil veliki pesnik, mislec, avantgardist in humanist Sre\u010dko Kosovel. S tem skupaj \u0161irimo vrednote \u010dlove\u010danstva, na katerih bi moral temeljiti ves svet.<\/p>\n<p><img decoding=\"async\" loading=\"lazy\" class=\"alignnone wp-image-866\" src=\"http:\/\/lu-sezana.si\/kosovelova-soba\/wp-content\/uploads\/2022\/03\/Kosovelova-soba-Na-ulici-Sre\u010dko-Kosovel-300x200.jpg\" alt=\"\" width=\"506\" height=\"337\" srcset=\"https:\/\/lu-sezana.si\/kosovelova-soba\/wp-content\/uploads\/2022\/03\/Kosovelova-soba-Na-ulici-Sre\u010dko-Kosovel-300x200.jpg 300w, https:\/\/lu-sezana.si\/kosovelova-soba\/wp-content\/uploads\/2022\/03\/Kosovelova-soba-Na-ulici-Sre\u010dko-Kosovel-768x513.jpg 768w, https:\/\/lu-sezana.si\/kosovelova-soba\/wp-content\/uploads\/2022\/03\/Kosovelova-soba-Na-ulici-Sre\u010dko-Kosovel-1024x684.jpg 1024w, https:\/\/lu-sezana.si\/kosovelova-soba\/wp-content\/uploads\/2022\/03\/Kosovelova-soba-Na-ulici-Sre\u010dko-Kosovel.jpg 1049w\" sizes=\"(max-width: 506px) 100vw, 506px\" \/><\/p>\n<p>Fotografije spodaj: arhiv KDS<\/p>\n<p><img decoding=\"async\" loading=\"lazy\" class=\"alignnone size-medium wp-image-875\" src=\"http:\/\/lu-sezana.si\/kosovelova-soba\/wp-content\/uploads\/2022\/03\/Sre\u010dko-Kosovel-na-ulici-1-225x300.jpg\" alt=\"\" width=\"225\" height=\"300\" srcset=\"https:\/\/lu-sezana.si\/kosovelova-soba\/wp-content\/uploads\/2022\/03\/Sre\u010dko-Kosovel-na-ulici-1-225x300.jpg 225w, https:\/\/lu-sezana.si\/kosovelova-soba\/wp-content\/uploads\/2022\/03\/Sre\u010dko-Kosovel-na-ulici-1-768x1024.jpg 768w\" sizes=\"(max-width: 225px) 100vw, 225px\" \/>&nbsp;&nbsp;&nbsp;&nbsp;&nbsp; <img decoding=\"async\" loading=\"lazy\" class=\"alignnone size-medium wp-image-877\" src=\"http:\/\/lu-sezana.si\/kosovelova-soba\/wp-content\/uploads\/2022\/03\/Sre\u010dko-Kosovel-na-ulici-4-225x300.jpg\" alt=\"\" width=\"225\" height=\"300\" srcset=\"https:\/\/lu-sezana.si\/kosovelova-soba\/wp-content\/uploads\/2022\/03\/Sre\u010dko-Kosovel-na-ulici-4-225x300.jpg 225w, https:\/\/lu-sezana.si\/kosovelova-soba\/wp-content\/uploads\/2022\/03\/Sre\u010dko-Kosovel-na-ulici-4-768x1024.jpg 768w\" sizes=\"(max-width: 225px) 100vw, 225px\" \/>&nbsp;&nbsp;&nbsp;&nbsp;&nbsp; <img decoding=\"async\" loading=\"lazy\" class=\"alignnone size-medium wp-image-874\" src=\"http:\/\/lu-sezana.si\/kosovelova-soba\/wp-content\/uploads\/2022\/03\/Odvrzimo-maske-Sre\u010dko-Kosovel-225x300.jpg\" alt=\"\" width=\"225\" height=\"300\" srcset=\"https:\/\/lu-sezana.si\/kosovelova-soba\/wp-content\/uploads\/2022\/03\/Odvrzimo-maske-Sre\u010dko-Kosovel-225x300.jpg 225w, https:\/\/lu-sezana.si\/kosovelova-soba\/wp-content\/uploads\/2022\/03\/Odvrzimo-maske-Sre\u010dko-Kosovel-768x1024.jpg 768w, https:\/\/lu-sezana.si\/kosovelova-soba\/wp-content\/uploads\/2022\/03\/Odvrzimo-maske-Sre\u010dko-Kosovel.jpg 1500w\" sizes=\"(max-width: 225px) 100vw, 225px\" \/>&nbsp;&nbsp;&nbsp;&nbsp; <img decoding=\"async\" loading=\"lazy\" class=\"alignnone size-medium wp-image-878\" src=\"http:\/\/lu-sezana.si\/kosovelova-soba\/wp-content\/uploads\/2022\/03\/Sre\u010dko-Kosovel-odvrzimo-maske-2-225x300.jpg\" alt=\"\" width=\"225\" height=\"300\" srcset=\"https:\/\/lu-sezana.si\/kosovelova-soba\/wp-content\/uploads\/2022\/03\/Sre\u010dko-Kosovel-odvrzimo-maske-2-225x300.jpg 225w, https:\/\/lu-sezana.si\/kosovelova-soba\/wp-content\/uploads\/2022\/03\/Sre\u010dko-Kosovel-odvrzimo-maske-2-768x1024.jpg 768w\" sizes=\"(max-width: 225px) 100vw, 225px\" \/>&nbsp;&nbsp;&nbsp; <img decoding=\"async\" loading=\"lazy\" class=\"alignnone size-medium wp-image-876\" src=\"http:\/\/lu-sezana.si\/kosovelova-soba\/wp-content\/uploads\/2022\/03\/Sre\u010dko-Kosovel-na-ulici-2-225x300.jpg\" alt=\"\" width=\"225\" height=\"300\" srcset=\"https:\/\/lu-sezana.si\/kosovelova-soba\/wp-content\/uploads\/2022\/03\/Sre\u010dko-Kosovel-na-ulici-2-225x300.jpg 225w, https:\/\/lu-sezana.si\/kosovelova-soba\/wp-content\/uploads\/2022\/03\/Sre\u010dko-Kosovel-na-ulici-2-768x1024.jpg 768w\" sizes=\"(max-width: 225px) 100vw, 225px\" \/><\/p>\n","protected":false},"excerpt":{"rendered":"<p>Sre\u010dko Kosovel Na ulici #2 18. marec 2022 &#8211; sedem pravlji\u010dnih let po tem, ko smo prvi\u010d odtisnili Kosovelovo pesem &#8220;Na ulici&#8221; na plo\u010dnik v sredi\u0161\u010du Se\u017eane, smo obnovili napis ob 118. obletnici pesnikovega rojstva. S projektom Na ulici opozarjamo, da se je v Se\u017eani rodil veliki pesnik, mislec, avantgardist in humanist Sre\u010dko Kosovel. S [&hellip;]<\/p>\n","protected":false},"author":2,"featured_media":866,"comment_status":"closed","ping_status":"closed","sticky":false,"template":"","format":"standard","meta":{"_et_pb_use_builder":"","_et_pb_old_content":"","_et_gb_content_width":""},"categories":[2],"tags":[],"_links":{"self":[{"href":"https:\/\/lu-sezana.si\/kosovelova-soba\/wp-json\/wp\/v2\/posts\/881"}],"collection":[{"href":"https:\/\/lu-sezana.si\/kosovelova-soba\/wp-json\/wp\/v2\/posts"}],"about":[{"href":"https:\/\/lu-sezana.si\/kosovelova-soba\/wp-json\/wp\/v2\/types\/post"}],"author":[{"embeddable":true,"href":"https:\/\/lu-sezana.si\/kosovelova-soba\/wp-json\/wp\/v2\/users\/2"}],"replies":[{"embeddable":true,"href":"https:\/\/lu-sezana.si\/kosovelova-soba\/wp-json\/wp\/v2\/comments?post=881"}],"version-history":[{"count":3,"href":"https:\/\/lu-sezana.si\/kosovelova-soba\/wp-json\/wp\/v2\/posts\/881\/revisions"}],"predecessor-version":[{"id":1054,"href":"https:\/\/lu-sezana.si\/kosovelova-soba\/wp-json\/wp\/v2\/posts\/881\/revisions\/1054"}],"wp:featuredmedia":[{"embeddable":true,"href":"https:\/\/lu-sezana.si\/kosovelova-soba\/wp-json\/wp\/v2\/media\/866"}],"wp:attachment":[{"href":"https:\/\/lu-sezana.si\/kosovelova-soba\/wp-json\/wp\/v2\/media?parent=881"}],"wp:term":[{"taxonomy":"category","embeddable":true,"href":"https:\/\/lu-sezana.si\/kosovelova-soba\/wp-json\/wp\/v2\/categories?post=881"},{"taxonomy":"post_tag","embeddable":true,"href":"https:\/\/lu-sezana.si\/kosovelova-soba\/wp-json\/wp\/v2\/tags?post=881"}],"curies":[{"name":"wp","href":"https:\/\/api.w.org\/{rel}","templated":true}]}}