{"id":736,"date":"2021-01-07T07:35:58","date_gmt":"2021-01-07T07:35:58","guid":{"rendered":"http:\/\/lu-sezana.si\/kosovelova-soba\/?p=736"},"modified":"2021-01-07T07:35:58","modified_gmt":"2021-01-07T07:35:58","slug":"epidemija-srecko-kosovel","status":"publish","type":"post","link":"https:\/\/lu-sezana.si\/kosovelova-soba\/epidemija-srecko-kosovel\/","title":{"rendered":"Kaj o epidemiji pravi Sre\u010dko Kosovel?"},"content":{"rendered":"<p>O tem, kaj v epidemiji pravi Sre\u010dko Kosovel, se ogla\u0161amo tudi iz Kosovelove spominske sobe. Vabljeni k poslu\u0161anju oddaje Radia Koper <a href=\"https:\/\/www.rtvslo.si\/radiokoper\/zgodbe\/kaj-v-epidemiji-pravi-srecko-kosovel\/523193\" target=\"_blank\" rel=\"noopener\">Kaj v epidemiji pravi Sre\u010dko Kosovel?<\/a>, v kateri se novinarka Ivana Zajc pogovaja s slikarjem Simonom Kastelicem, prof. slovenskega jezika in knji\u017eevnosti na Filozofski fakulteti v Trstu Miranom Ko\u0161uta in skrbnico Kosovelove sobe Matejo Kralj.<\/p>\n<p><img decoding=\"async\" loading=\"lazy\" class=\"alignnone  wp-image-705\" src=\"http:\/\/lu-sezana.si\/kosovelova-soba\/wp-content\/uploads\/2020\/05\/nova-doba-korona-1-300x212.jpg\" alt=\"\" width=\"383\" height=\"271\" srcset=\"https:\/\/lu-sezana.si\/kosovelova-soba\/wp-content\/uploads\/2020\/05\/nova-doba-korona-1-300x212.jpg 300w, https:\/\/lu-sezana.si\/kosovelova-soba\/wp-content\/uploads\/2020\/05\/nova-doba-korona-1-768x543.jpg 768w, https:\/\/lu-sezana.si\/kosovelova-soba\/wp-content\/uploads\/2020\/05\/nova-doba-korona-1-1024x724.jpg 1024w\" sizes=\"(max-width: 383px) 100vw, 383px\" \/><\/p>\n","protected":false},"excerpt":{"rendered":"<p>O tem, kaj v epidemiji pravi Sre\u010dko Kosovel, se ogla\u0161amo tudi iz Kosovelove spominske sobe. Vabljeni k poslu\u0161anju oddaje Radia Koper Kaj v epidemiji pravi Sre\u010dko Kosovel?, v kateri se novinarka Ivana Zajc pogovaja s slikarjem Simonom Kastelicem, prof. slovenskega jezika in knji\u017eevnosti na Filozofski fakulteti v Trstu Miranom Ko\u0161uta in skrbnico Kosovelove sobe Matejo [&hellip;]<\/p>\n","protected":false},"author":2,"featured_media":0,"comment_status":"closed","ping_status":"closed","sticky":false,"template":"","format":"standard","meta":{"_et_pb_use_builder":"","_et_pb_old_content":"","_et_gb_content_width":""},"categories":[2],"tags":[],"_links":{"self":[{"href":"https:\/\/lu-sezana.si\/kosovelova-soba\/wp-json\/wp\/v2\/posts\/736"}],"collection":[{"href":"https:\/\/lu-sezana.si\/kosovelova-soba\/wp-json\/wp\/v2\/posts"}],"about":[{"href":"https:\/\/lu-sezana.si\/kosovelova-soba\/wp-json\/wp\/v2\/types\/post"}],"author":[{"embeddable":true,"href":"https:\/\/lu-sezana.si\/kosovelova-soba\/wp-json\/wp\/v2\/users\/2"}],"replies":[{"embeddable":true,"href":"https:\/\/lu-sezana.si\/kosovelova-soba\/wp-json\/wp\/v2\/comments?post=736"}],"version-history":[{"count":1,"href":"https:\/\/lu-sezana.si\/kosovelova-soba\/wp-json\/wp\/v2\/posts\/736\/revisions"}],"predecessor-version":[{"id":738,"href":"https:\/\/lu-sezana.si\/kosovelova-soba\/wp-json\/wp\/v2\/posts\/736\/revisions\/738"}],"wp:attachment":[{"href":"https:\/\/lu-sezana.si\/kosovelova-soba\/wp-json\/wp\/v2\/media?parent=736"}],"wp:term":[{"taxonomy":"category","embeddable":true,"href":"https:\/\/lu-sezana.si\/kosovelova-soba\/wp-json\/wp\/v2\/categories?post=736"},{"taxonomy":"post_tag","embeddable":true,"href":"https:\/\/lu-sezana.si\/kosovelova-soba\/wp-json\/wp\/v2\/tags?post=736"}],"curies":[{"name":"wp","href":"https:\/\/api.w.org\/{rel}","templated":true}]}}