{"id":733,"date":"2021-01-07T07:30:03","date_gmt":"2021-01-07T07:30:03","guid":{"rendered":"http:\/\/lu-sezana.si\/kosovelova-soba\/?p=733"},"modified":"2021-01-07T07:30:03","modified_gmt":"2021-01-07T07:30:03","slug":"114-obletnica-smrti-srecka-kosovela","status":"publish","type":"post","link":"https:\/\/lu-sezana.si\/kosovelova-soba\/114-obletnica-smrti-srecka-kosovela\/","title":{"rendered":"114. obletnica smrti Sre\u010dka Kosovela"},"content":{"rendered":"<p>Na dana\u0161nji dan,\u00a027. maja, pred 94 leti je smrt prekinila le dobrih dvaindvajset let mlado \u017eivljenje Sre\u010dka Kosovela, ki je tako prekinil svoje ustvarjalno \u017eivljenje in svoj \u0161tudij v osmem semestru.<br \/>\n<em>\u00bbZbolel sem precej, ko sem pri\u0161el domov, to se pravi drugi dan\u2026 V nedeljo sem bil res zelo bolan in kljub mojemu razgovarjanju so poslali na\u0161i v ponedeljek po zdravnika, ki mi je zelo nezaupno osumil biv\u0161i \u00bbparatifus\u00ab in predpisal za ves teden le \u00bbvodene\u00ab jedi; misli si, da sem prakticiral<\/em><span class=\"text_exposed_show\"><em> to ves teden in potem \u0161e en teden bolehal na tisti praksi, tako da je moral priti tretji teden doktor iz Trsta (!!!) in kon\u0161tatiral, da pravzaprav nisem bolan, marve\u010d le oslabel. Ni \u010dudno v Ljubljani dieta, doma dieta \u2013 ja strela \u2013 \u010dloveka mora tudi dieta spaviti k vragu! \u2013 in tako dalje.<\/em><br \/>\n<em> Zdaj mi je predpisal 30 vbodljajev z Lycetinom, saj ve\u0161, kako je to zelo prijetno!\u00ab<\/em><br \/>\nSre\u010dko v pismu Cirilu Debevcu 24.4.1926<\/span><\/p>\n<p>V normalnih razmerah bi se dobili na literarnem ve\u010deru v Kosovelovi spominski sobi na predstavitvi knjige, kar pa zaradi zagotavljanja medosebne razdalje ni mogo\u010de.<br \/>\nZato vabljeni na virtualno predstavitev knjige izbranih pesmi in misli Sre\u010dka Kosovela Odprto.02 (druga, raz\u0161irjena, dopolnjena izdaja). Tudi obletnico smrti Sre\u010dka Kosovela tako obele\u017eujemo virtualno, saj kljub rahljanju ukrepov za zajezitev \u0161irjenja koronavirusa, Covid-19 \u0161e vedno kroji na\u0161a \u017eivljenja.<br \/>\nVe\u010d o dogodku <a href=\"https:\/\/www.facebook.com\/events\/259587248615886\/\" target=\"_blank\" rel=\"noopener\">https:\/\/www.facebook.com\/events\/259587248615886\/<\/a><\/p>\n<p><img decoding=\"async\" loading=\"lazy\" class=\"alignnone  wp-image-721\" src=\"http:\/\/lu-sezana.si\/kosovelova-soba\/wp-content\/uploads\/2020\/05\/27maj2020-e1590585699263-225x300.jpg\" alt=\"\" width=\"294\" height=\"392\" srcset=\"https:\/\/lu-sezana.si\/kosovelova-soba\/wp-content\/uploads\/2020\/05\/27maj2020-e1590585699263-225x300.jpg 225w, https:\/\/lu-sezana.si\/kosovelova-soba\/wp-content\/uploads\/2020\/05\/27maj2020-e1590585699263-768x1024.jpg 768w\" sizes=\"(max-width: 294px) 100vw, 294px\" \/><\/p>\n","protected":false},"excerpt":{"rendered":"<p>Na dana\u0161nji dan,\u00a027. maja, pred 94 leti je smrt prekinila le dobrih dvaindvajset let mlado \u017eivljenje Sre\u010dka Kosovela, ki je tako prekinil svoje ustvarjalno \u017eivljenje in svoj \u0161tudij v osmem semestru. \u00bbZbolel sem precej, ko sem pri\u0161el domov, to se pravi drugi dan\u2026 V nedeljo sem bil res zelo bolan in kljub mojemu razgovarjanju so [&hellip;]<\/p>\n","protected":false},"author":2,"featured_media":0,"comment_status":"closed","ping_status":"closed","sticky":false,"template":"","format":"standard","meta":{"_et_pb_use_builder":"","_et_pb_old_content":"","_et_gb_content_width":""},"categories":[2],"tags":[],"_links":{"self":[{"href":"https:\/\/lu-sezana.si\/kosovelova-soba\/wp-json\/wp\/v2\/posts\/733"}],"collection":[{"href":"https:\/\/lu-sezana.si\/kosovelova-soba\/wp-json\/wp\/v2\/posts"}],"about":[{"href":"https:\/\/lu-sezana.si\/kosovelova-soba\/wp-json\/wp\/v2\/types\/post"}],"author":[{"embeddable":true,"href":"https:\/\/lu-sezana.si\/kosovelova-soba\/wp-json\/wp\/v2\/users\/2"}],"replies":[{"embeddable":true,"href":"https:\/\/lu-sezana.si\/kosovelova-soba\/wp-json\/wp\/v2\/comments?post=733"}],"version-history":[{"count":1,"href":"https:\/\/lu-sezana.si\/kosovelova-soba\/wp-json\/wp\/v2\/posts\/733\/revisions"}],"predecessor-version":[{"id":734,"href":"https:\/\/lu-sezana.si\/kosovelova-soba\/wp-json\/wp\/v2\/posts\/733\/revisions\/734"}],"wp:attachment":[{"href":"https:\/\/lu-sezana.si\/kosovelova-soba\/wp-json\/wp\/v2\/media?parent=733"}],"wp:term":[{"taxonomy":"category","embeddable":true,"href":"https:\/\/lu-sezana.si\/kosovelova-soba\/wp-json\/wp\/v2\/categories?post=733"},{"taxonomy":"post_tag","embeddable":true,"href":"https:\/\/lu-sezana.si\/kosovelova-soba\/wp-json\/wp\/v2\/tags?post=733"}],"curies":[{"name":"wp","href":"https:\/\/api.w.org\/{rel}","templated":true}]}}