{"id":700,"date":"2020-05-11T07:21:56","date_gmt":"2020-05-11T07:21:56","guid":{"rendered":"http:\/\/lu-sezana.si\/kosovelova-soba\/?p=700"},"modified":"2020-05-11T07:26:02","modified_gmt":"2020-05-11T07:26:02","slug":"kosovel-home-party","status":"publish","type":"post","link":"https:\/\/lu-sezana.si\/kosovelova-soba\/kosovel-home-party\/","title":{"rendered":"Kosovel Home Party"},"content":{"rendered":"<p>#koronavirus<\/p>\n<p>Zaradi razglasitve epidemije in zajezitve \u0161irjenja koronavirusa so bile s 16.3.2020 odpovedane vse prireditve v javnih prostorih. Tudi praznovanje Sre\u010dkovega rojstnega dne 18. marca 2020 se je prestavilo v na\u0161e domove v tiho kontemplacijo in introspekcijo ob njegovi poeziji. Njegov opus ponuja veliko spodbude za poglobljeno razmi\u0161ljanje o \u017eivljenju, med\u010dlove\u0161kih odnosih, dru\u017ebenih problemih in drugo.<\/p>\n<p>Na dan 116. rojstnega dne Sre\u010dka Kosovela smo na Facebooko ustvarili dogodek Kosovel Home Party, na katerem smo objavljali poezijo in videopoezijo pesnika. Pesmi in videe si lahko \u0161e vedno ogledate na Facebook dogodku <a href=\"https:\/\/www.facebook.com\/events\/206391490573101\/\" target=\"_blank\" rel=\"noopener\">Kosovel Home Party<\/a>.<\/p>\n<p>Berite poezijo!<\/p>\n<p>&nbsp;<\/p>\n<p>&#8220;Prihajamo; v znamenju umetnosti prihajamo. Ne one, ki se ko\u0161ati v obliki, ne one, ki se obla\u010di po modi. Prihajamo, kakor smo: zdravi in bolni, veseli in trpki, vsi, kakor nas je rodilo \u017eivljenje. Kajti \u010dlove\u010danstvo umetnosti obstoji v tem, da se \u010dloveku pribli\u017eamo. Ne onkraj dobrega in zlega, pravi\u010dnega in krivi\u010dnega, ne z nad\u010dlove\u0161ko la\u017ejo; kakor ljudje prihajamo sredi dobrega in zlega, pravi\u010dnega in krivi\u010dnega. Na\u0161a umetnost bo odsev na\u0161ih \u017eivljenjskih borb in na\u0161ega iskanja, nje oblika pa bo rastla iz na\u0161ega lastnega izpopolnjevanja.&#8221;<br \/>\n(Sre\u010dko Kosovel, Kriza)<\/p>\n<p><img decoding=\"async\" loading=\"lazy\" class=\"alignnone wp-image-696\" src=\"http:\/\/lu-sezana.si\/kosovelova-soba\/wp-content\/uploads\/2020\/03\/SimonKastelic_KoronaVirus2-194x300.jpg\" alt=\"\" width=\"267\" height=\"413\" srcset=\"https:\/\/lu-sezana.si\/kosovelova-soba\/wp-content\/uploads\/2020\/03\/SimonKastelic_KoronaVirus2-194x300.jpg 194w, https:\/\/lu-sezana.si\/kosovelova-soba\/wp-content\/uploads\/2020\/03\/SimonKastelic_KoronaVirus2.jpg 622w\" sizes=\"(max-width: 267px) 100vw, 267px\" \/><\/p>\n","protected":false},"excerpt":{"rendered":"<p>#koronavirus Zaradi razglasitve epidemije in zajezitve \u0161irjenja koronavirusa so bile s 16.3.2020 odpovedane vse prireditve v javnih prostorih. Tudi praznovanje Sre\u010dkovega rojstnega dne 18. marca 2020 se je prestavilo v na\u0161e domove v tiho kontemplacijo in introspekcijo ob njegovi poeziji. Njegov opus ponuja veliko spodbude za poglobljeno razmi\u0161ljanje o \u017eivljenju, med\u010dlove\u0161kih odnosih, dru\u017ebenih problemih in [&hellip;]<\/p>\n","protected":false},"author":2,"featured_media":0,"comment_status":"closed","ping_status":"closed","sticky":false,"template":"","format":"standard","meta":{"_et_pb_use_builder":"","_et_pb_old_content":"","_et_gb_content_width":""},"categories":[2],"tags":[],"_links":{"self":[{"href":"https:\/\/lu-sezana.si\/kosovelova-soba\/wp-json\/wp\/v2\/posts\/700"}],"collection":[{"href":"https:\/\/lu-sezana.si\/kosovelova-soba\/wp-json\/wp\/v2\/posts"}],"about":[{"href":"https:\/\/lu-sezana.si\/kosovelova-soba\/wp-json\/wp\/v2\/types\/post"}],"author":[{"embeddable":true,"href":"https:\/\/lu-sezana.si\/kosovelova-soba\/wp-json\/wp\/v2\/users\/2"}],"replies":[{"embeddable":true,"href":"https:\/\/lu-sezana.si\/kosovelova-soba\/wp-json\/wp\/v2\/comments?post=700"}],"version-history":[{"count":3,"href":"https:\/\/lu-sezana.si\/kosovelova-soba\/wp-json\/wp\/v2\/posts\/700\/revisions"}],"predecessor-version":[{"id":704,"href":"https:\/\/lu-sezana.si\/kosovelova-soba\/wp-json\/wp\/v2\/posts\/700\/revisions\/704"}],"wp:attachment":[{"href":"https:\/\/lu-sezana.si\/kosovelova-soba\/wp-json\/wp\/v2\/media?parent=700"}],"wp:term":[{"taxonomy":"category","embeddable":true,"href":"https:\/\/lu-sezana.si\/kosovelova-soba\/wp-json\/wp\/v2\/categories?post=700"},{"taxonomy":"post_tag","embeddable":true,"href":"https:\/\/lu-sezana.si\/kosovelova-soba\/wp-json\/wp\/v2\/tags?post=700"}],"curies":[{"name":"wp","href":"https:\/\/api.w.org\/{rel}","templated":true}]}}