{"id":693,"date":"2020-03-12T14:27:11","date_gmt":"2020-03-12T14:27:11","guid":{"rendered":"http:\/\/lu-sezana.si\/kosovelova-soba\/?p=693"},"modified":"2020-03-12T14:27:11","modified_gmt":"2020-03-12T14:27:11","slug":"beremo-in-gledamo-deklina-zgodba","status":"publish","type":"post","link":"https:\/\/lu-sezana.si\/kosovelova-soba\/beremo-in-gledamo-deklina-zgodba\/","title":{"rendered":"BEREMO IN GLEDAMO &#8211; Deklina zgodba"},"content":{"rendered":"<h2>BEREMO IN GLEDAMO \u2013 Ameri\u0161ka literatura in filmografija #2<\/h2>\n<h2>DEKLINA ZGODBA &#8211; 26. februar 2020<\/h2>\n<p>&nbsp;<\/p>\n<p>Po uspe\u0161no izpeljani prvi ediciji projekta Beremo in gledamo vas z novim letom vabimo na sprehode po novih poteh knji\u017enih in filmskih uspe\u0161nic. Poleg izmenjave mnenj in izku\u0161enj na samih dogodkih bo ob\u010dinstvo v tokratni ediciji lahko sodelovalo in se preizku\u0161alo v pisanju kritik, ki bodo ob koncu projekta ocenjene in nagrajene.<\/p>\n<p>V projektu, ki ga podpira Ameri\u0161ko veleposlani\u0161tvo v Ljubljani, sodelujemo Kosovelov dom Se\u017eana, Kosovelova knji\u017enica Se\u017eana in Kosovelova spominska soba (Ljudska univerza Se\u017eana).<\/p>\n<p>&nbsp;<\/p>\n<p>Prvi pogovorni ve\u010der na temo <strong>DEKLINA ZGODBA<\/strong> se je zgodil v Kosovelvi spominski sobi. Pogovor je vodila Franja \u010cok, kot gostji ve\u010dera sta se nam pridru\u017eili dr. Marta Verginella in Jean McCollister.<\/p>\n<p>Roman Deklina zgodba je iz\u0161el leta 1985 in leta 2019 dobil svoje nadaljevanje v knjigi Testamenti, za katerega je avtorica leta 2019 prejela nagrado booker. Po knjigi je bil leta 1990 posnet prvi film. \u0160ele s predvajanjem nadaljevanke z istim naslovom leta 2017 je knjiga pridobila \u0161ir\u0161e zanimanje. Gre za zanimiv roman, ki odpira veliko izredno zanimivih tem, o katerih smo govorili skupaj z na\u0161imi gostjami.<\/p>\n<p>&nbsp;<\/p>\n","protected":false},"excerpt":{"rendered":"<p>BEREMO IN GLEDAMO \u2013 Ameri\u0161ka literatura in filmografija #2 DEKLINA ZGODBA &#8211; 26. februar 2020 &nbsp; Po uspe\u0161no izpeljani prvi ediciji projekta Beremo in gledamo vas z novim letom vabimo na sprehode po novih poteh knji\u017enih in filmskih uspe\u0161nic. Poleg izmenjave mnenj in izku\u0161enj na samih dogodkih bo ob\u010dinstvo v tokratni ediciji lahko sodelovalo in [&hellip;]<\/p>\n","protected":false},"author":2,"featured_media":0,"comment_status":"closed","ping_status":"closed","sticky":false,"template":"","format":"standard","meta":{"_et_pb_use_builder":"","_et_pb_old_content":"","_et_gb_content_width":""},"categories":[2],"tags":[],"_links":{"self":[{"href":"https:\/\/lu-sezana.si\/kosovelova-soba\/wp-json\/wp\/v2\/posts\/693"}],"collection":[{"href":"https:\/\/lu-sezana.si\/kosovelova-soba\/wp-json\/wp\/v2\/posts"}],"about":[{"href":"https:\/\/lu-sezana.si\/kosovelova-soba\/wp-json\/wp\/v2\/types\/post"}],"author":[{"embeddable":true,"href":"https:\/\/lu-sezana.si\/kosovelova-soba\/wp-json\/wp\/v2\/users\/2"}],"replies":[{"embeddable":true,"href":"https:\/\/lu-sezana.si\/kosovelova-soba\/wp-json\/wp\/v2\/comments?post=693"}],"version-history":[{"count":1,"href":"https:\/\/lu-sezana.si\/kosovelova-soba\/wp-json\/wp\/v2\/posts\/693\/revisions"}],"predecessor-version":[{"id":694,"href":"https:\/\/lu-sezana.si\/kosovelova-soba\/wp-json\/wp\/v2\/posts\/693\/revisions\/694"}],"wp:attachment":[{"href":"https:\/\/lu-sezana.si\/kosovelova-soba\/wp-json\/wp\/v2\/media?parent=693"}],"wp:term":[{"taxonomy":"category","embeddable":true,"href":"https:\/\/lu-sezana.si\/kosovelova-soba\/wp-json\/wp\/v2\/categories?post=693"},{"taxonomy":"post_tag","embeddable":true,"href":"https:\/\/lu-sezana.si\/kosovelova-soba\/wp-json\/wp\/v2\/tags?post=693"}],"curies":[{"name":"wp","href":"https:\/\/api.w.org\/{rel}","templated":true}]}}