{"id":669,"date":"2020-01-22T12:52:39","date_gmt":"2020-01-22T12:52:39","guid":{"rendered":"http:\/\/lu-sezana.si\/kosovelova-soba\/?p=669"},"modified":"2020-01-22T12:56:24","modified_gmt":"2020-01-22T12:56:24","slug":"premik-1-na-1-z-majo-hrovat","status":"publish","type":"post","link":"https:\/\/lu-sezana.si\/kosovelova-soba\/premik-1-na-1-z-majo-hrovat\/","title":{"rendered":"Premik 1 na 1 z Majo Hrovat"},"content":{"rendered":"<p>Gostja #17 PREMIKa 1 na 1 je bila Maja Hrovat, predsednica Slovenskega veganskega dru\u0161tva, organizatorka Vegafesta, mentorica Veganskega izziva in borka za pravice \u017eivali.<\/p>\n<p>#17 PREMIKu 1 na 1 se je bil v petek, 17. januarja, ob 19. uri v Kosovelovi sobi v stavbi Ljudske univerze v Se\u017eani.<\/p>\n<p>Maja Hrovat je predsednica Slovensko vegansko dru\u0161tvo, organizatorka Vegafesta, mentorica Veganskega izziva in nasploh ena izmed bolj prepoznavnih oseb s podro\u010dja boja za pravice \u017eivali v Sloveniji. \u017delja po so\u010dutnem in pravi\u010dnem odnosu do \u017eivali jo spremlja \u017ee iz otro\u0161tva, vklju\u010duje pa jo tudi v svoj poklic kot doktorica veterinarske medicine. Zavzema se za za\u0161\u010dito okolja in zdrav \u017eivljenjski slog.<\/p>\n<p>Na pogovornem ve\u010deru bo moderatorka Eda La Vita z Majo Hrovat posku\u0161ala predstaviti, kaj se skriva za besedo vegan in razblinjala mite ter predsodke glede prehrane rastlinskega izvora.<\/p>\n<p>Neformalna skupina PREMIK je zdru\u017eila slede\u010de organizacije, ki soustvarjajo projekt: Kosovelov dom Se\u017eana, Kosovelova Knji\u017enica Se\u017eana, Klub \u0160tudentov Se\u017eana, Ljudska Univerza Se\u017eana (Kosovelova soba), MC Podlaga Se\u017eana (Zavod \u0160TIP), \u0160C Sre\u010dka Kosovela Se\u017eana, Gimnazija in ekonomska \u0161ola: Vi\u0161ja strokovna \u0161ola Se\u017eana, Inkubator Se\u017eana in Obmo\u010dna obrtno-podjetni\u0161ka zbornica Se\u017eana.<\/p>\n<p>&nbsp;<\/p>\n<p><img decoding=\"async\" loading=\"lazy\" class=\"alignnone wp-image-666\" src=\"http:\/\/lu-sezana.si\/kosovelova-soba\/wp-content\/uploads\/2020\/01\/MajaHrovat_17jan2020-300x157.jpg\" alt=\"\" width=\"718\" height=\"376\" srcset=\"https:\/\/lu-sezana.si\/kosovelova-soba\/wp-content\/uploads\/2020\/01\/MajaHrovat_17jan2020-300x157.jpg 300w, https:\/\/lu-sezana.si\/kosovelova-soba\/wp-content\/uploads\/2020\/01\/MajaHrovat_17jan2020-768x402.jpg 768w, https:\/\/lu-sezana.si\/kosovelova-soba\/wp-content\/uploads\/2020\/01\/MajaHrovat_17jan2020.jpg 960w\" sizes=\"(max-width: 718px) 100vw, 718px\" \/><\/p>\n","protected":false},"excerpt":{"rendered":"<p>Gostja #17 PREMIKa 1 na 1 je bila Maja Hrovat, predsednica Slovenskega veganskega dru\u0161tva, organizatorka Vegafesta, mentorica Veganskega izziva in borka za pravice \u017eivali. #17 PREMIKu 1 na 1 se je bil v petek, 17. januarja, ob 19. uri v Kosovelovi sobi v stavbi Ljudske univerze v Se\u017eani. Maja Hrovat je predsednica Slovensko vegansko dru\u0161tvo, [&hellip;]<\/p>\n","protected":false},"author":2,"featured_media":0,"comment_status":"closed","ping_status":"closed","sticky":false,"template":"","format":"standard","meta":{"_et_pb_use_builder":"","_et_pb_old_content":"","_et_gb_content_width":""},"categories":[2],"tags":[],"_links":{"self":[{"href":"https:\/\/lu-sezana.si\/kosovelova-soba\/wp-json\/wp\/v2\/posts\/669"}],"collection":[{"href":"https:\/\/lu-sezana.si\/kosovelova-soba\/wp-json\/wp\/v2\/posts"}],"about":[{"href":"https:\/\/lu-sezana.si\/kosovelova-soba\/wp-json\/wp\/v2\/types\/post"}],"author":[{"embeddable":true,"href":"https:\/\/lu-sezana.si\/kosovelova-soba\/wp-json\/wp\/v2\/users\/2"}],"replies":[{"embeddable":true,"href":"https:\/\/lu-sezana.si\/kosovelova-soba\/wp-json\/wp\/v2\/comments?post=669"}],"version-history":[{"count":2,"href":"https:\/\/lu-sezana.si\/kosovelova-soba\/wp-json\/wp\/v2\/posts\/669\/revisions"}],"predecessor-version":[{"id":674,"href":"https:\/\/lu-sezana.si\/kosovelova-soba\/wp-json\/wp\/v2\/posts\/669\/revisions\/674"}],"wp:attachment":[{"href":"https:\/\/lu-sezana.si\/kosovelova-soba\/wp-json\/wp\/v2\/media?parent=669"}],"wp:term":[{"taxonomy":"category","embeddable":true,"href":"https:\/\/lu-sezana.si\/kosovelova-soba\/wp-json\/wp\/v2\/categories?post=669"},{"taxonomy":"post_tag","embeddable":true,"href":"https:\/\/lu-sezana.si\/kosovelova-soba\/wp-json\/wp\/v2\/tags?post=669"}],"curies":[{"name":"wp","href":"https:\/\/api.w.org\/{rel}","templated":true}]}}