{"id":630,"date":"2019-12-10T10:44:43","date_gmt":"2019-12-10T10:44:43","guid":{"rendered":"http:\/\/lu-sezana.si\/kosovelova-soba\/?p=630"},"modified":"2019-12-10T10:44:43","modified_gmt":"2019-12-10T10:44:43","slug":"bauhaus-100-let","status":"publish","type":"post","link":"https:\/\/lu-sezana.si\/kosovelova-soba\/bauhaus-100-let\/","title":{"rendered":"BAUHAUS 100 let"},"content":{"rendered":"<h2>BAUHAUS<\/h2>\n<h2>1919 \u2013 2019<\/h2>\n<h2>preteklost.sodobnost.pri\u010devanja<\/h2>\n<p>&nbsp;<\/p>\n<h5>V petek, 15. novembra 2019, ob 18.00 smo obele\u017eili 100. obletnico ustanovitve Bauhausa.\u00a0V Kosovelovi sobi v Se\u017eani je umetnik Frankom Vecchietom pripovedoval o znameniti \u0161oli za umetnost in arhitekturo ter o njegovi poti z Avgustom \u010cernigojem.<\/h5>\n<p><img decoding=\"async\" loading=\"lazy\" class=\"alignnone wp-image-622\" src=\"http:\/\/lu-sezana.si\/kosovelova-soba\/wp-content\/uploads\/2019\/11\/bauhaus100jpg-S-213x300.jpg\" alt=\"\" width=\"282\" height=\"397\" srcset=\"https:\/\/lu-sezana.si\/kosovelova-soba\/wp-content\/uploads\/2019\/11\/bauhaus100jpg-S-213x300.jpg 213w, https:\/\/lu-sezana.si\/kosovelova-soba\/wp-content\/uploads\/2019\/11\/bauhaus100jpg-S-768x1080.jpg 768w, https:\/\/lu-sezana.si\/kosovelova-soba\/wp-content\/uploads\/2019\/11\/bauhaus100jpg-S-728x1024.jpg 728w\" sizes=\"(max-width: 282px) 100vw, 282px\" \/><\/p>\n<p>&nbsp;<\/p>\n<p>Vecchietovo zanimanje za Bauhaus je povezano tudi z dolgoletnim dru\u017eenjem z mojstrom Avgustom \u010cernigojem, ki je \u0161tudiral na tej \u0161oli. Bauhaus je bil izredno pomemben kulturni avantgardni center po prvi svetovni vojni, v katerem se je rodil nov odnos do dru\u017ebe in poseben odnos med razli\u010dnimi umetnostmi. Na \u0161oli so pou\u010devali najznamenitej\u0161i umetniki tistega \u010dasa, ki so prihajali iz cele Evrope, med njimi Kandinsky, Gropius, Klee, Itten, Feiniger, Moholy Nagy, Mies van der Rohe, Breuer in Albers. Idejno bogastvo in pomen te kulturne delavnice \u0161e danes \u017eivita v Evropi, Ameriki in drugod po svetu. \u010cernigojev pristop do umetnosti je bil globoko zaznamovan s to izku\u0161njo. Njegovo umetni\u0161ko delo ni popolnoma razumljivo, \u010de ga ne primerjamo in ga ne tolma\u010dimo z idejami, ki prihajajo iz Bauhausa. Franko Vecchiet bo z nami delil pri\u010devanja in spomine na skupne prehojene poti z mojstrom, iz katerih izhaja poseben pogled na \u010cernigoja, kot tudi na njegov opus.<\/p>\n<p>Fotografije z dogodka:<\/p>\n<p><img decoding=\"async\" loading=\"lazy\" class=\"alignnone  wp-image-631\" src=\"http:\/\/lu-sezana.si\/kosovelova-soba\/wp-content\/uploads\/2019\/12\/20191115_180405-300x169.jpg\" alt=\"\" width=\"391\" height=\"220\" srcset=\"https:\/\/lu-sezana.si\/kosovelova-soba\/wp-content\/uploads\/2019\/12\/20191115_180405-300x169.jpg 300w, https:\/\/lu-sezana.si\/kosovelova-soba\/wp-content\/uploads\/2019\/12\/20191115_180405-768x432.jpg 768w, https:\/\/lu-sezana.si\/kosovelova-soba\/wp-content\/uploads\/2019\/12\/20191115_180405-1024x576.jpg 1024w\" sizes=\"(max-width: 391px) 100vw, 391px\" \/>\u00a0\u00a0 <img decoding=\"async\" loading=\"lazy\" class=\"alignnone  wp-image-632\" src=\"http:\/\/lu-sezana.si\/kosovelova-soba\/wp-content\/uploads\/2019\/12\/20191115_193653-300x169.jpg\" alt=\"\" width=\"391\" height=\"220\" srcset=\"https:\/\/lu-sezana.si\/kosovelova-soba\/wp-content\/uploads\/2019\/12\/20191115_193653-300x169.jpg 300w, https:\/\/lu-sezana.si\/kosovelova-soba\/wp-content\/uploads\/2019\/12\/20191115_193653-768x432.jpg 768w, https:\/\/lu-sezana.si\/kosovelova-soba\/wp-content\/uploads\/2019\/12\/20191115_193653-1024x576.jpg 1024w\" sizes=\"(max-width: 391px) 100vw, 391px\" \/><\/p>\n<p>&nbsp;<\/p>\n","protected":false},"excerpt":{"rendered":"<p>BAUHAUS 1919 \u2013 2019 preteklost.sodobnost.pri\u010devanja &nbsp; V petek, 15. novembra 2019, ob 18.00 smo obele\u017eili 100. obletnico ustanovitve Bauhausa.\u00a0V Kosovelovi sobi v Se\u017eani je umetnik Frankom Vecchietom pripovedoval o znameniti \u0161oli za umetnost in arhitekturo ter o njegovi poti z Avgustom \u010cernigojem. &nbsp; Vecchietovo zanimanje za Bauhaus je povezano tudi z dolgoletnim dru\u017eenjem z mojstrom [&hellip;]<\/p>\n","protected":false},"author":2,"featured_media":0,"comment_status":"closed","ping_status":"closed","sticky":false,"template":"","format":"standard","meta":{"_et_pb_use_builder":"","_et_pb_old_content":"","_et_gb_content_width":""},"categories":[2],"tags":[],"_links":{"self":[{"href":"https:\/\/lu-sezana.si\/kosovelova-soba\/wp-json\/wp\/v2\/posts\/630"}],"collection":[{"href":"https:\/\/lu-sezana.si\/kosovelova-soba\/wp-json\/wp\/v2\/posts"}],"about":[{"href":"https:\/\/lu-sezana.si\/kosovelova-soba\/wp-json\/wp\/v2\/types\/post"}],"author":[{"embeddable":true,"href":"https:\/\/lu-sezana.si\/kosovelova-soba\/wp-json\/wp\/v2\/users\/2"}],"replies":[{"embeddable":true,"href":"https:\/\/lu-sezana.si\/kosovelova-soba\/wp-json\/wp\/v2\/comments?post=630"}],"version-history":[{"count":1,"href":"https:\/\/lu-sezana.si\/kosovelova-soba\/wp-json\/wp\/v2\/posts\/630\/revisions"}],"predecessor-version":[{"id":634,"href":"https:\/\/lu-sezana.si\/kosovelova-soba\/wp-json\/wp\/v2\/posts\/630\/revisions\/634"}],"wp:attachment":[{"href":"https:\/\/lu-sezana.si\/kosovelova-soba\/wp-json\/wp\/v2\/media?parent=630"}],"wp:term":[{"taxonomy":"category","embeddable":true,"href":"https:\/\/lu-sezana.si\/kosovelova-soba\/wp-json\/wp\/v2\/categories?post=630"},{"taxonomy":"post_tag","embeddable":true,"href":"https:\/\/lu-sezana.si\/kosovelova-soba\/wp-json\/wp\/v2\/tags?post=630"}],"curies":[{"name":"wp","href":"https:\/\/api.w.org\/{rel}","templated":true}]}}