{"id":613,"date":"2019-10-25T13:53:33","date_gmt":"2019-10-25T13:53:33","guid":{"rendered":"http:\/\/lu-sezana.si\/kosovelova-soba\/?p=613"},"modified":"2019-10-25T13:53:33","modified_gmt":"2019-10-25T13:53:33","slug":"dnevi-evropske-kulturne-dediscine","status":"publish","type":"post","link":"https:\/\/lu-sezana.si\/kosovelova-soba\/dnevi-evropske-kulturne-dediscine\/","title":{"rendered":"Dnevi evropske kulturne dedi\u0161\u010dine"},"content":{"rendered":"<p style=\"text-align: center;\">\u010cutim te kakor sveto ti\u0161ino,<\/p>\n<p style=\"text-align: center;\">sprostrto preko polja,<\/p>\n<p style=\"text-align: center;\">zlato sonce nad kra\u0161ko dolino,<\/p>\n<p style=\"text-align: center;\">a \u0161e bolj zlato sredi srca.<\/p>\n<p style=\"text-align: center;\">(Kakor veter, S. Kosovel)<\/p>\n<p>&nbsp;<\/p>\n<h1><strong>Po sledeh in poteh Sre\u010dka Kosovela<\/strong><\/h1>\n<h5>Izlet po Kosovelovi poti z ogledom Kosovelove sobe v Se\u017eani, Kosovelove doma\u010dije v Tomaju in vasi Tomaj.<\/h5>\n<h5>Sobota, 5. oktober 2019 s pri\u010detkom ob 9.00 uri v Se\u017eani v Kosovelovi sobi.<\/h5>\n<p>Kjer se sre\u010data poezija in prelepa kra\u0161ka pokrajina, ki je navdihovala tudi pesnika Sre\u010dka Kosovela, pesnika Krasa in enega najpomembnej\u0161ih predstavnikov slovenske zgodovinske avantgarde. Pot nas bo vodila od Se\u017eane, kjer se je pesnik rodil leta 1904, do Tomaja, kjer je umrl leta 1926.<\/p>\n<p>&nbsp;<\/p>\n<p>Program izleta:<\/p>\n<h5>\u00b7\u00a0\u00a0\u00a0\u00a0\u00a0\u00a0\u00a0\u00a0 9.00\u20139.45: Voden ogled spominske sobe Sre\u010dka Kosovela, Se\u017eana<\/h5>\n<h5>\u00b7\u00a0\u00a0\u00a0\u00a0\u00a0\u00a0\u00a0\u00a0 10.00\u201312.30: Pohod po poti Sre\u010dka Kosovela (cca. 7 km), Se\u017eana\u2013Tomaj<\/h5>\n<h5>\u00b7\u00a0\u00a0\u00a0\u00a0\u00a0\u00a0\u00a0\u00a0 12.30: topel napitek in pecivo tomajskih gospodinj ter ponudba doma\u010dih pridelkov in izdelkov<\/h5>\n<h5>\u00b7\u00a0\u00a0\u00a0\u00a0\u00a0\u00a0\u00a0\u00a0 12.45: kraj\u0161i kulturni program u\u010dencev O\u0160 Dutovlje, podru\u017enice Tomaj<\/h5>\n<h5>\u00b7\u00a0\u00a0\u00a0\u00a0\u00a0\u00a0\u00a0\u00a0 13.00: ogled Kosovelove doma\u010dije, pesnikovega groba ter voden ogled raznih zanimivosti Tomaja<\/h5>\n<h5>\u00b7\u00a0\u00a0\u00a0\u00a0\u00a0\u00a0\u00a0\u00a0 15.30 brezpla\u010den avtobusni prevoz iz Tomaja do Se\u017eane<\/h5>\n<h5><\/h5>\n<p>Kosilo ni vklju\u010deno v program. Priporo\u010damo udobno \u0161portno obutev. Udele\u017eba na lastno odgovornost.<\/p>\n<p>Prijave sprejemamo na tic.sezana@visitkras.info ali na tel. \u0161t. 05 731 01 28.<\/p>\n<p>Partnerji\/soorganizatorji:\u00a0TIC Se\u017eana \u2013 Zavod \u0160TIP, Ljudska univerza Se\u017eana (Kosovelova soba), Kosovelova knji\u017enica Se\u017eana, Planinsko dru\u0161tvo Se\u017eana, Kulturno dru\u0161tvo Tomaj, Ob\u010dina Se\u017eana.<\/p>\n<p>&nbsp;<\/p>\n<p>Ostale dogodke v okviru Dnevov evropske kulturne dedi\u0161\u010dine na Krasu si lahko ogledate <a href=\"https:\/\/www.visitkras.info\/nacrtuj-obisk\/dogodki\/dnevi-evropske-kulturne-dediscine-in-teden-kulturne-dediscine\" target=\"_blank\" rel=\"noopener\">tukaj<\/a><\/p>\n","protected":false},"excerpt":{"rendered":"<p>\u010cutim te kakor sveto ti\u0161ino, sprostrto preko polja, zlato sonce nad kra\u0161ko dolino, a \u0161e bolj zlato sredi srca. (Kakor veter, S. Kosovel) &nbsp; Po sledeh in poteh Sre\u010dka Kosovela Izlet po Kosovelovi poti z ogledom Kosovelove sobe v Se\u017eani, Kosovelove doma\u010dije v Tomaju in vasi Tomaj. Sobota, 5. oktober 2019 s pri\u010detkom ob 9.00 [&hellip;]<\/p>\n","protected":false},"author":2,"featured_media":0,"comment_status":"closed","ping_status":"closed","sticky":false,"template":"","format":"standard","meta":{"_et_pb_use_builder":"","_et_pb_old_content":"","_et_gb_content_width":""},"categories":[2],"tags":[],"_links":{"self":[{"href":"https:\/\/lu-sezana.si\/kosovelova-soba\/wp-json\/wp\/v2\/posts\/613"}],"collection":[{"href":"https:\/\/lu-sezana.si\/kosovelova-soba\/wp-json\/wp\/v2\/posts"}],"about":[{"href":"https:\/\/lu-sezana.si\/kosovelova-soba\/wp-json\/wp\/v2\/types\/post"}],"author":[{"embeddable":true,"href":"https:\/\/lu-sezana.si\/kosovelova-soba\/wp-json\/wp\/v2\/users\/2"}],"replies":[{"embeddable":true,"href":"https:\/\/lu-sezana.si\/kosovelova-soba\/wp-json\/wp\/v2\/comments?post=613"}],"version-history":[{"count":2,"href":"https:\/\/lu-sezana.si\/kosovelova-soba\/wp-json\/wp\/v2\/posts\/613\/revisions"}],"predecessor-version":[{"id":615,"href":"https:\/\/lu-sezana.si\/kosovelova-soba\/wp-json\/wp\/v2\/posts\/613\/revisions\/615"}],"wp:attachment":[{"href":"https:\/\/lu-sezana.si\/kosovelova-soba\/wp-json\/wp\/v2\/media?parent=613"}],"wp:term":[{"taxonomy":"category","embeddable":true,"href":"https:\/\/lu-sezana.si\/kosovelova-soba\/wp-json\/wp\/v2\/categories?post=613"},{"taxonomy":"post_tag","embeddable":true,"href":"https:\/\/lu-sezana.si\/kosovelova-soba\/wp-json\/wp\/v2\/tags?post=613"}],"curies":[{"name":"wp","href":"https:\/\/api.w.org\/{rel}","templated":true}]}}