{"id":585,"date":"2019-04-24T09:33:20","date_gmt":"2019-04-24T09:33:20","guid":{"rendered":"http:\/\/lu-sezana.si\/kosovelova-soba\/?p=585"},"modified":"2019-04-24T11:27:13","modified_gmt":"2019-04-24T11:27:13","slug":"srecko-kosovel-vsem-naj-bom-neznan","status":"publish","type":"post","link":"https:\/\/lu-sezana.si\/kosovelova-soba\/srecko-kosovel-vsem-naj-bom-neznan\/","title":{"rendered":"Sre\u010dko Kosovel: Vsem naj bom neznan"},"content":{"rendered":"<h4>Z Miklav\u017eem Komeljem in Ravlom Kodri\u010dem smo 12. aprila 2019 odkrivali \u0161e neobjavljeno zapu\u0161\u010dino Sre\u010dka Kosovela, ki je 11. aprila 2019 iz\u0161la v dveh knjigah z naslovom <em>Vsem naj bom neznan<\/em> pri Zalo\u017ebi Goga iz Novega mesta.<\/h4>\n<p><strong>podatki o knjigi<\/strong><\/p>\n<ul>\n<li>leto izida: 2019<\/li>\n<li>vezava: trda vezava + \u0161katla<\/li>\n<li>dimenzije: 13 x 20 cm<\/li>\n<li>\u0161t. strani: 1899<\/li>\n<\/ul>\n<p><img decoding=\"async\" loading=\"lazy\" class=\"alignnone wp-image-589\" src=\"http:\/\/lu-sezana.si\/kosovelova-soba\/wp-content\/uploads\/2019\/04\/Predstavitev-knjige-Vsem-naj-bom-neznan-v-Kosovelovi-sobi-1-300x236.jpg\" alt=\"\" width=\"297\" height=\"234\" srcset=\"https:\/\/lu-sezana.si\/kosovelova-soba\/wp-content\/uploads\/2019\/04\/Predstavitev-knjige-Vsem-naj-bom-neznan-v-Kosovelovi-sobi-1-300x236.jpg 300w, https:\/\/lu-sezana.si\/kosovelova-soba\/wp-content\/uploads\/2019\/04\/Predstavitev-knjige-Vsem-naj-bom-neznan-v-Kosovelovi-sobi-1-768x604.jpg 768w, https:\/\/lu-sezana.si\/kosovelova-soba\/wp-content\/uploads\/2019\/04\/Predstavitev-knjige-Vsem-naj-bom-neznan-v-Kosovelovi-sobi-1.jpg 889w\" sizes=\"(max-width: 297px) 100vw, 297px\" \/>\u00a0\u00a0\u00a0\u00a0 <img decoding=\"async\" loading=\"lazy\" class=\"alignnone wp-image-588\" src=\"http:\/\/lu-sezana.si\/kosovelova-soba\/wp-content\/uploads\/2019\/04\/Predstavitev-knjige-Vsem-naj-bom-neznan-v-Kosovelovi-sobi-2-300x241.jpg\" alt=\"\" width=\"290\" height=\"233\" srcset=\"https:\/\/lu-sezana.si\/kosovelova-soba\/wp-content\/uploads\/2019\/04\/Predstavitev-knjige-Vsem-naj-bom-neznan-v-Kosovelovi-sobi-2-300x241.jpg 300w, https:\/\/lu-sezana.si\/kosovelova-soba\/wp-content\/uploads\/2019\/04\/Predstavitev-knjige-Vsem-naj-bom-neznan-v-Kosovelovi-sobi-2-768x618.jpg 768w, https:\/\/lu-sezana.si\/kosovelova-soba\/wp-content\/uploads\/2019\/04\/Predstavitev-knjige-Vsem-naj-bom-neznan-v-Kosovelovi-sobi-2-1024x824.jpg 1024w, https:\/\/lu-sezana.si\/kosovelova-soba\/wp-content\/uploads\/2019\/04\/Predstavitev-knjige-Vsem-naj-bom-neznan-v-Kosovelovi-sobi-2.jpg 1848w\" sizes=\"(max-width: 290px) 100vw, 290px\" \/>\u00a0\u00a0\u00a0\u00a0\u00a0\u00a0 <img decoding=\"async\" loading=\"lazy\" class=\"alignnone wp-image-591\" src=\"http:\/\/lu-sezana.si\/kosovelova-soba\/wp-content\/uploads\/2019\/04\/Jedrt-300x225.jpg\" alt=\"\" width=\"309\" height=\"232\" srcset=\"https:\/\/lu-sezana.si\/kosovelova-soba\/wp-content\/uploads\/2019\/04\/Jedrt-300x225.jpg 300w, https:\/\/lu-sezana.si\/kosovelova-soba\/wp-content\/uploads\/2019\/04\/Jedrt-768x576.jpg 768w, https:\/\/lu-sezana.si\/kosovelova-soba\/wp-content\/uploads\/2019\/04\/Jedrt.jpg 960w\" sizes=\"(max-width: 309px) 100vw, 309px\" \/><\/p>\n<h6>Mateja, urednik Miklav\u017e Komelj, Ravel Kodri\u010d\u00a0\u00a0\u00a0\u00a0\u00a0\u00a0\u00a0\u00a0\u00a0\u00a0\u00a0\u00a0\u00a0\u00a0\u00a0\u00a0\u00a0\u00a0\u00a0\u00a0\u00a0\u00a0\u00a0\u00a0 \u00a0 \u00a0\u00a0\u00a0\u00a0\u00a0\u00a0 Sre\u010dko Kosovel: VSEM NAJ BOM NEZNAN\u00a0\u00a0\u00a0\u00a0\u00a0\u00a0\u00a0\u00a0\u00a0\u00a0\u00a0\u00a0\u00a0\u00a0\u00a0\u00a0\u00a0\u00a0\u00a0\u00a0\u00a0\u00a0\u00a0\u00a0\u00a0\u00a0\u00a0\u00a0\u00a0\u00a0\u00a0\u00a0\u00a0\u00a0\u00a0\u00a0\u00a0 Obiskovalci dogodka<\/h6>\n<p><img decoding=\"async\" loading=\"lazy\" class=\"alignnone size-medium wp-image-590\" src=\"http:\/\/lu-sezana.si\/kosovelova-soba\/wp-content\/uploads\/2019\/04\/Jedrt_Miklav\u017e-225x300.jpg\" alt=\"\" width=\"225\" height=\"300\" srcset=\"https:\/\/lu-sezana.si\/kosovelova-soba\/wp-content\/uploads\/2019\/04\/Jedrt_Miklav\u017e-225x300.jpg 225w, https:\/\/lu-sezana.si\/kosovelova-soba\/wp-content\/uploads\/2019\/04\/Jedrt_Miklav\u017e.jpg 720w\" sizes=\"(max-width: 225px) 100vw, 225px\" \/><\/p>\n<h6>Miklav\u017e Komelj in Sre\u010dko Kosovel<\/h6>\n<p>&nbsp;<\/p>\n<p>Sre\u010dko Kosovel spet presene\u010da. In to dobrih 90 let po izidu prve zbirke <em>Pesmi<\/em> iz leta 1927 in dobrih 50 let po izidu <em>Integralov<\/em> leta 1967. V za\u010detku meseca aprila smo namre\u010d v branje dobili dve zajetni knjigi, ki skupaj na skoraj 2000 straneh prina\u0161ata do sedaj \u0161e neobjavljene zapise tega velikega kra\u0161kega pesnika in misleca, ki bi, \u010de mu ne bi usoda odmerila le dobrih 22 let \u017eivljenja, lahko postal tudi odli\u010den dramatik in romanopisec.<\/p>\n<p>Zapise v najnovej\u0161i knjigi, ki sta iz\u0161li pri Zalo\u017ebi Goga iz Novega Mesta, je z vestnim delom, izjemno natan\u010dnostjo in velikim navdu\u0161enjem zbral in uredil Miklav\u017e Komelj, ki se je moral spopasti z izredno te\u017eko berljivim rokopisom Sre\u010dka Kosovela. Miklav\u017e Komelj je umetnostni zgodovinar in tudi sam pesnik. Obenem je strasten raziskovalec literarnih zapu\u0161\u010din. Urejal je \u017ee delo pesnikov kot so Fernando Pessoa, Djuna Barnes, Jure Detela, \u010de na\u0161tejem le nekatere.<\/p>\n<p>Dan po izidu knjig smo njuno vsebino odkrivali v Kosovelovi spominski sobi v Se\u017eani med pogovorom z urednikom Miklav\u017eem Komeljem in z Ravlom Kodri\u010dem, ki je uredniku pomagal pri umestitvi Kosovelovih zapisov v zgodovinski kontekst. 5-letno brskanje po Kosovelovi literarni zapu\u0161\u010dini, ki se nahaja v na\u0161i nacionalni knji\u017enici v Ljubljani, se je \u0161e kako obrestovalo. Li\u010dno oblikovana knjiga opremljena z reprodukcijami Kosovelovih rokopisov in natan\u010dnimi spremnimi opombami ne prina\u0161a le Kosovelovih \u0161e neobjavljenih pesmi. V prvi knjigi so poleg poezije zbrani tudi prozni zapisi, dramatika in drugi zapisi, kot je na primer <em>Na\u010drt satiri\u010dnega lista Protokol doline \u0160entflorjanske<\/em> in nekaj prevodov. Druga knjiga zajema esejisti\u010dne fragmente, aforizme, Kosovelovo \u0161tudijsko gradivo in drugo. V dodatku pa je vklju\u010denih \u0161e nekaj novih transkripcij \u017ee objavljenih pesmi in drugih tekstov.<\/p>\n<p>Beremo lahko zelo razli\u010dno dolge tekste, ki obsegajo od nekaj strani do le ene besede. Miklav\u017e Komelj je namre\u010d prepri\u010dan, da so pri Kosovelu enako pomembni tako dokon\u010dani teksti, elaborirani na\u010drti kot tudi hipne zamisli. Urednik je \u017eelel objaviti vse doslej znane zapise Sre\u010dka Kosovela in pri tem z minimalnimi posegi ostati kar se da zvest izvirniku.<\/p>\n<p>Kljub temu, da smo v branje dobili zajetno gradivo pesnika, nam pravzaprav Kosovel v resnici postaja \u0161e veliko bolj neznan, kot je bil doslej. Tudi iz tega spoznanja se je urednik odlo\u010dil, da knjigi naslovi z enim od Kosovelovih verzov \u00bbVsem naj bom neznan\u00ab.<\/p>\n<p>Novi knjigi bosta nedvomno povod za nova raziskovanja pesnikovega literarnega ustvarjanja, iskanje novih povezav, interpretacij in pomenov. In ponovno lahko prikimamo izjavi Antona Ocvirka, ki je \u017ee v uvodni \u0161tudiji k <em>Integralom<\/em> zapisal, da \u00bbni lirika, ki bi moral tako dolgo \u010dakati, da se nam razodene v celoti\u00ab.<\/p>\n<p><strong>\u00a0<\/strong><\/p>\n<p>&nbsp;<\/p>\n","protected":false},"excerpt":{"rendered":"<p>Z Miklav\u017eem Komeljem in Ravlom Kodri\u010dem smo 12. aprila 2019 odkrivali \u0161e neobjavljeno zapu\u0161\u010dino Sre\u010dka Kosovela, ki je 11. aprila 2019 iz\u0161la v dveh knjigah z naslovom Vsem naj bom neznan pri Zalo\u017ebi Goga iz Novega mesta. podatki o knjigi leto izida: 2019 vezava: trda vezava + \u0161katla dimenzije: 13 x 20 cm \u0161t. strani: [&hellip;]<\/p>\n","protected":false},"author":2,"featured_media":0,"comment_status":"closed","ping_status":"closed","sticky":false,"template":"","format":"standard","meta":{"_et_pb_use_builder":"","_et_pb_old_content":"","_et_gb_content_width":""},"categories":[2],"tags":[],"_links":{"self":[{"href":"https:\/\/lu-sezana.si\/kosovelova-soba\/wp-json\/wp\/v2\/posts\/585"}],"collection":[{"href":"https:\/\/lu-sezana.si\/kosovelova-soba\/wp-json\/wp\/v2\/posts"}],"about":[{"href":"https:\/\/lu-sezana.si\/kosovelova-soba\/wp-json\/wp\/v2\/types\/post"}],"author":[{"embeddable":true,"href":"https:\/\/lu-sezana.si\/kosovelova-soba\/wp-json\/wp\/v2\/users\/2"}],"replies":[{"embeddable":true,"href":"https:\/\/lu-sezana.si\/kosovelova-soba\/wp-json\/wp\/v2\/comments?post=585"}],"version-history":[{"count":7,"href":"https:\/\/lu-sezana.si\/kosovelova-soba\/wp-json\/wp\/v2\/posts\/585\/revisions"}],"predecessor-version":[{"id":597,"href":"https:\/\/lu-sezana.si\/kosovelova-soba\/wp-json\/wp\/v2\/posts\/585\/revisions\/597"}],"wp:attachment":[{"href":"https:\/\/lu-sezana.si\/kosovelova-soba\/wp-json\/wp\/v2\/media?parent=585"}],"wp:term":[{"taxonomy":"category","embeddable":true,"href":"https:\/\/lu-sezana.si\/kosovelova-soba\/wp-json\/wp\/v2\/categories?post=585"},{"taxonomy":"post_tag","embeddable":true,"href":"https:\/\/lu-sezana.si\/kosovelova-soba\/wp-json\/wp\/v2\/tags?post=585"}],"curies":[{"name":"wp","href":"https:\/\/api.w.org\/{rel}","templated":true}]}}