{"id":576,"date":"2019-04-09T06:55:31","date_gmt":"2019-04-09T06:55:31","guid":{"rendered":"http:\/\/lu-sezana.si\/kosovelova-soba\/?p=576"},"modified":"2019-04-09T06:55:31","modified_gmt":"2019-04-09T06:55:31","slug":"576-2","status":"publish","type":"post","link":"https:\/\/lu-sezana.si\/kosovelova-soba\/576-2\/","title":{"rendered":""},"content":{"rendered":"<h4><img decoding=\"async\" loading=\"lazy\" class=\"alignnone size-medium wp-image-566\" src=\"http:\/\/lu-sezana.si\/kosovelova-soba\/wp-content\/uploads\/2019\/03\/Plakat_NikaSolce_900mega-214x300.jpg\" alt=\"\" width=\"214\" height=\"300\" srcset=\"https:\/\/lu-sezana.si\/kosovelova-soba\/wp-content\/uploads\/2019\/03\/Plakat_NikaSolce_900mega-214x300.jpg 214w, https:\/\/lu-sezana.si\/kosovelova-soba\/wp-content\/uploads\/2019\/03\/Plakat_NikaSolce_900mega-768x1075.jpg 768w, https:\/\/lu-sezana.si\/kosovelova-soba\/wp-content\/uploads\/2019\/03\/Plakat_NikaSolce_900mega-732x1024.jpg 732w, https:\/\/lu-sezana.si\/kosovelova-soba\/wp-content\/uploads\/2019\/03\/Plakat_NikaSolce_900mega.jpg 1477w\" sizes=\"(max-width: 214px) 100vw, 214px\" \/><\/h4>\n<h4>S kitaro v kov\u010dku nas je na 115. rojstni dan Sre\u010dka Kosovela v pesnikovi rojstni hi\u0161i obiskala <strong>Nika Solce<\/strong>. Zapela nam je pesmi Sre\u010dka Kosovela, ki jih je izdala na svoji zadnji plo\u0161\u010di TIHA MISEL.<\/h4>\n<h4>Album <em>Tiha misel<\/em> prina\u0161a 14 uglasbenih Kosovelovih pesmi. Kot sama pravi, je za to plo\u0161\u010do izbrala predvsem Sre\u010dkove impresionisti\u010dne pesmi, v katerih je zaznala njegovo opazovanje, poslu\u0161anje in \u010dutenje narave pa tudi samega sebe. Na ta na\u010din se tudi sama poglablja in povezuje s svetom. Ve\u010d o albumu na <a href=\"http:\/\/www.nikasolce.info\/tiha-misel\">http:\/\/www.nikasolce.info\/tiha-misel<\/a><\/h4>\n<h4>Nika Solce je vsestranska umetnica, lutkarica in pevka, ki svojo glasbeno govorico zdru\u017euje z ljudskim izro\u010dilom. \u017de od rane mladosti nastopa z glasbeniki z vseh koncev sveta in i\u0161\u010de nove prilo\u017enosti za izra\u017eanje tako znotraj divjih balkanskih ritmov kot indijskih duhovnih pesmi. Ve\u010d o Niki Solce na <a href=\"http:\/\/www.nikasolce.info\/\">http:\/\/www.nikasolce.info\/<\/a> Poleg poezije Sre\u010dka Kosovela (album <em>Nesem son\u010dnico na rami<\/em> z uglasbeno otro\u0161ko poezijo in album iz leta 2018 <em>Tiha misel<\/em>) je uglasbila tudi poezijo Franceta Pre\u0161erna in Ferija Lain\u0161\u010dka in tako raz\u0161irja prostor slovenske literature ter ga prepleta z avtorskim glasbenim opusom.<\/h4>\n<h4><\/h4>\n","protected":false},"excerpt":{"rendered":"<p>S kitaro v kov\u010dku nas je na 115. rojstni dan Sre\u010dka Kosovela v pesnikovi rojstni hi\u0161i obiskala Nika Solce. Zapela nam je pesmi Sre\u010dka Kosovela, ki jih je izdala na svoji zadnji plo\u0161\u010di TIHA MISEL. Album Tiha misel prina\u0161a 14 uglasbenih Kosovelovih pesmi. Kot sama pravi, je za to plo\u0161\u010do izbrala predvsem Sre\u010dkove impresionisti\u010dne pesmi, [&hellip;]<\/p>\n","protected":false},"author":2,"featured_media":0,"comment_status":"closed","ping_status":"closed","sticky":false,"template":"","format":"standard","meta":{"_et_pb_use_builder":"","_et_pb_old_content":"","_et_gb_content_width":""},"categories":[2],"tags":[],"_links":{"self":[{"href":"https:\/\/lu-sezana.si\/kosovelova-soba\/wp-json\/wp\/v2\/posts\/576"}],"collection":[{"href":"https:\/\/lu-sezana.si\/kosovelova-soba\/wp-json\/wp\/v2\/posts"}],"about":[{"href":"https:\/\/lu-sezana.si\/kosovelova-soba\/wp-json\/wp\/v2\/types\/post"}],"author":[{"embeddable":true,"href":"https:\/\/lu-sezana.si\/kosovelova-soba\/wp-json\/wp\/v2\/users\/2"}],"replies":[{"embeddable":true,"href":"https:\/\/lu-sezana.si\/kosovelova-soba\/wp-json\/wp\/v2\/comments?post=576"}],"version-history":[{"count":1,"href":"https:\/\/lu-sezana.si\/kosovelova-soba\/wp-json\/wp\/v2\/posts\/576\/revisions"}],"predecessor-version":[{"id":577,"href":"https:\/\/lu-sezana.si\/kosovelova-soba\/wp-json\/wp\/v2\/posts\/576\/revisions\/577"}],"wp:attachment":[{"href":"https:\/\/lu-sezana.si\/kosovelova-soba\/wp-json\/wp\/v2\/media?parent=576"}],"wp:term":[{"taxonomy":"category","embeddable":true,"href":"https:\/\/lu-sezana.si\/kosovelova-soba\/wp-json\/wp\/v2\/categories?post=576"},{"taxonomy":"post_tag","embeddable":true,"href":"https:\/\/lu-sezana.si\/kosovelova-soba\/wp-json\/wp\/v2\/tags?post=576"}],"curies":[{"name":"wp","href":"https:\/\/api.w.org\/{rel}","templated":true}]}}