{"id":561,"date":"2019-03-06T08:11:49","date_gmt":"2019-03-06T08:11:49","guid":{"rendered":"http:\/\/lu-sezana.si\/kosovelova-soba\/?p=561"},"modified":"2019-03-06T08:16:11","modified_gmt":"2019-03-06T08:16:11","slug":"na-izpostavljenem-mestu","status":"publish","type":"post","link":"https:\/\/lu-sezana.si\/kosovelova-soba\/na-izpostavljenem-mestu\/","title":{"rendered":"Na izpostavljenem mestu"},"content":{"rendered":"<p>Predstavitev knjige o \u017eivljenju in delu Viljema \u010cerna z naslovom Na izpostavljenem mestu, ki je leta 2017 iz\u0161la pri Zadrugi Novi Matajur v sodelovanju s Slovensko kulturno-gospodarsko zvezo. O knjigi so spregovorili predsednik slovenske kultureno-gospodarske Zveze Rudi Pav\u0161i\u010d, urednik knjige Igor Tuta in predsednik dru\u0161tva TIGR Primorske dr. Savin Jogan.<\/p>\n<p>Viljem \u010cerno (1937-2017) je osebnost, ki je vidno zaznamovala slovenski zamejski prostor v Italiji, predvsem na Videmskem. V srcih ljudi ostaja pojem slovenstva in narodnega dostojanstva. Z vsem svojim delovanjem in tudi s svojo poezijo je izra\u017eal ljubezen do slovenskega jezika, pa tudi potrebo po medsebojnem razumevanju, strpnosti in spo\u0161tovanju. V uvodu knjige predsednik Slovenske kulturno-gospodarske zveze Rudi Pav\u0161i\u010d pravi, da je bil Viljem \u010cerno \u201cspravljiv, dialo\u0161ki, razumen, a ni nikoli popustil pri na\u010delnih vpra\u0161anjih za na\u0161o skupnost. Slovenci na Videmskem \u2013 je bilo njegovo prepri\u010danje \u2013 morajo imeti svoje dostojanstvo tako v doma\u010dih dolinah kot v \u0161ir\u0161i de\u017eelni stvarnosti.\u201d<\/p>\n<p>Knjiga ne opisuje le \u017eivljenje in delo Viljema \u010cerna, ampak prikazuje razvoj in zgodovino Slovencev v Italiji na najbolj izpostavljenem mestu, kjer so bili Slovenci vsa povojna leta, od leta 1945 do leta 1975, pod hudim udarom, ker je italijanska politika za vsako ceno \u017eelela zavarovati vzhodno mejo Italije (tudi kot italijansko etni\u010dno mejo). Pomembno je prispeval, da so Slovenci na Videmskem leta 2001 priznani v za\u0161\u010ditnem zakonu.<\/p>\n<p><img decoding=\"async\" loading=\"lazy\" class=\"alignnone  wp-image-540\" src=\"http:\/\/lu-sezana.si\/kosovelova-soba\/wp-content\/uploads\/2019\/02\/PLAKAT-2019-Cherno-214x300.jpg\" alt=\"\" width=\"293\" height=\"410\" srcset=\"https:\/\/lu-sezana.si\/kosovelova-soba\/wp-content\/uploads\/2019\/02\/PLAKAT-2019-Cherno-214x300.jpg 214w, https:\/\/lu-sezana.si\/kosovelova-soba\/wp-content\/uploads\/2019\/02\/PLAKAT-2019-Cherno-768x1075.jpg 768w, https:\/\/lu-sezana.si\/kosovelova-soba\/wp-content\/uploads\/2019\/02\/PLAKAT-2019-Cherno-732x1024.jpg 732w\" sizes=\"(max-width: 293px) 100vw, 293px\" \/><\/p>\n","protected":false},"excerpt":{"rendered":"<p>Predstavitev knjige o \u017eivljenju in delu Viljema \u010cerna z naslovom Na izpostavljenem mestu, ki je leta 2017 iz\u0161la pri Zadrugi Novi Matajur v sodelovanju s Slovensko kulturno-gospodarsko zvezo. O knjigi so spregovorili predsednik slovenske kultureno-gospodarske Zveze Rudi Pav\u0161i\u010d, urednik knjige Igor Tuta in predsednik dru\u0161tva TIGR Primorske dr. Savin Jogan. Viljem \u010cerno (1937-2017) je osebnost, [&hellip;]<\/p>\n","protected":false},"author":2,"featured_media":0,"comment_status":"closed","ping_status":"closed","sticky":false,"template":"","format":"standard","meta":{"_et_pb_use_builder":"","_et_pb_old_content":"","_et_gb_content_width":""},"categories":[2],"tags":[],"_links":{"self":[{"href":"https:\/\/lu-sezana.si\/kosovelova-soba\/wp-json\/wp\/v2\/posts\/561"}],"collection":[{"href":"https:\/\/lu-sezana.si\/kosovelova-soba\/wp-json\/wp\/v2\/posts"}],"about":[{"href":"https:\/\/lu-sezana.si\/kosovelova-soba\/wp-json\/wp\/v2\/types\/post"}],"author":[{"embeddable":true,"href":"https:\/\/lu-sezana.si\/kosovelova-soba\/wp-json\/wp\/v2\/users\/2"}],"replies":[{"embeddable":true,"href":"https:\/\/lu-sezana.si\/kosovelova-soba\/wp-json\/wp\/v2\/comments?post=561"}],"version-history":[{"count":3,"href":"https:\/\/lu-sezana.si\/kosovelova-soba\/wp-json\/wp\/v2\/posts\/561\/revisions"}],"predecessor-version":[{"id":565,"href":"https:\/\/lu-sezana.si\/kosovelova-soba\/wp-json\/wp\/v2\/posts\/561\/revisions\/565"}],"wp:attachment":[{"href":"https:\/\/lu-sezana.si\/kosovelova-soba\/wp-json\/wp\/v2\/media?parent=561"}],"wp:term":[{"taxonomy":"category","embeddable":true,"href":"https:\/\/lu-sezana.si\/kosovelova-soba\/wp-json\/wp\/v2\/categories?post=561"},{"taxonomy":"post_tag","embeddable":true,"href":"https:\/\/lu-sezana.si\/kosovelova-soba\/wp-json\/wp\/v2\/tags?post=561"}],"curies":[{"name":"wp","href":"https:\/\/api.w.org\/{rel}","templated":true}]}}