{"id":513,"date":"2019-01-11T13:35:37","date_gmt":"2019-01-11T13:35:37","guid":{"rendered":"http:\/\/lu-sezana.si\/kosovelova-soba\/?p=513"},"modified":"2021-02-04T07:47:34","modified_gmt":"2021-02-04T07:47:34","slug":"bobri-na-potepu-v-sezani-2019","status":"publish","type":"post","link":"https:\/\/lu-sezana.si\/kosovelova-soba\/bobri-na-potepu-v-sezani-2019\/","title":{"rendered":"BEREMO IN GLEDAMO #3"},"content":{"rendered":"<p>&nbsp;<\/p>\n<p>Kosovelova soba v partnerstu z vodilnim partnerjem na projektu Kosovelovim domom Se\u017eana in Kosovelovo knji\u017enico Se\u017eana tudi letos sodeluje v projektu Beremo in gledamo.<\/p>\n<p>Dogodki Beremo in gledamo se navezujejo na filmografijo posneto po knji\u017eni predlogi. Do zdaj (dve zaporedni sezoni) smo dogodke posvetili ameri\u0161ki literaturi in filmografiji, saj smo za izvedbo pridobili sredstva z razpisa Ameri\u0161kega veleposlani\u0161tva. V novi ediciji pa si \u017eelimo program raz\u0161iriti.<br \/>\nDo februarja 2020 smo dogodke izvajali v \u017eivo, zadnje tri dogodke druge edicije projekta pa smo izvedli preko aplikacije ZOOM. Dokler nam ne bodo dovolili, da bi jih izvedli v na\u0161ih prostorih, v \u017eivo, bomo dogodke izvajali preko aplikacije ZOOM tudi naprej.<br \/>\nTudi v tokratni ediciji dogodkov vas vabimo, da si filme in literaturo predhodno ogledate in preberete ali pa se z nami enostavno prepustite dolo\u010deni tematiki. Knjige so na voljo za izposojo v knji\u017enici. Filme smo do sedaj v ve\u010dini predvajali v na\u0161i kino dvorani. Ker pa se dogodki selijo na splet, bomo za nekaj izbranih naslovov omogo\u010dili spletni ogled filma tistim, ki se bodo na dogodek prijavili.<\/p>\n<p>&nbsp;<\/p>\n<p>&nbsp;<\/p>\n<p><strong>Predvideni program za prvi del leta 2021:<\/strong><\/p>\n<p>\u2013 17. februarja 2021, ob 18.00: pogovorni <strong>MAFIJSKI VE\u010cER<\/strong> (Boter in Siciljanec) bosta vodila Rok Govednik in Ne\u017ea Lipanje.<\/p>\n<p>\u2013 24. marca 2021, ob 18.00: pogovorni ve\u010der <strong>\u010cEFURJI RAUS<\/strong> bosta vodila Rok Govednik in slovenski filmski in televizijski re\u017eiser ter scenarist, pisatelj in kolumnist Goran Vojnovi\u0107.<\/p>\n<p>\u2013 14. aprila 2021, ob 18.00: na pogovornem ve\u010deru <strong>AGATA CHRISTIE<\/strong> se bomo pogovarjali z lokalnim filmskim re\u017eiserjem, scenaristom in pisateljem Tonetom Frelihom.<\/p>\n<p>Spremljajte nas tudi na socialnem omre\u017eju Facebook. Za prijavo na spletni ogled filma kontaktirajte Kosovelov dom na <a href=\"mailto:nives@kosovelovdom.si\">nives@kosovelovdom.si<\/a>.<\/p>\n<p><img decoding=\"async\" loading=\"lazy\" class=\"alignnone wp-image-740\" src=\"http:\/\/lu-sezana.si\/kosovelova-soba\/wp-content\/uploads\/2021\/01\/Beremo-in-gledamo_3-300x300.png\" alt=\"\" width=\"356\" height=\"356\" srcset=\"https:\/\/lu-sezana.si\/kosovelova-soba\/wp-content\/uploads\/2021\/01\/Beremo-in-gledamo_3-300x300.png 300w, https:\/\/lu-sezana.si\/kosovelova-soba\/wp-content\/uploads\/2021\/01\/Beremo-in-gledamo_3-150x150.png 150w, https:\/\/lu-sezana.si\/kosovelova-soba\/wp-content\/uploads\/2021\/01\/Beremo-in-gledamo_3-768x768.png 768w, https:\/\/lu-sezana.si\/kosovelova-soba\/wp-content\/uploads\/2021\/01\/Beremo-in-gledamo_3-1024x1024.png 1024w, https:\/\/lu-sezana.si\/kosovelova-soba\/wp-content\/uploads\/2021\/01\/Beremo-in-gledamo_3.png 1080w\" sizes=\"(max-width: 356px) 100vw, 356px\" \/><\/p>\n<p><img decoding=\"async\" loading=\"lazy\" class=\"alignnone wp-image-741\" src=\"http:\/\/lu-sezana.si\/kosovelova-soba\/wp-content\/uploads\/2021\/01\/BIG-partnerji-brez-USEmbassy-300x59.jpg\" alt=\"\" width=\"361\" height=\"71\" srcset=\"https:\/\/lu-sezana.si\/kosovelova-soba\/wp-content\/uploads\/2021\/01\/BIG-partnerji-brez-USEmbassy-300x59.jpg 300w, https:\/\/lu-sezana.si\/kosovelova-soba\/wp-content\/uploads\/2021\/01\/BIG-partnerji-brez-USEmbassy-768x151.jpg 768w, https:\/\/lu-sezana.si\/kosovelova-soba\/wp-content\/uploads\/2021\/01\/BIG-partnerji-brez-USEmbassy-1024x202.jpg 1024w, https:\/\/lu-sezana.si\/kosovelova-soba\/wp-content\/uploads\/2021\/01\/BIG-partnerji-brez-USEmbassy.jpg 1604w\" sizes=\"(max-width: 361px) 100vw, 361px\" \/><\/p>\n<h4><strong>20. januarja 2021, ob 18.00 smo izvedli<\/strong>:<\/h4>\n<h4>pogovorni ve\u010der\u00a0<strong>KONJE KRAST, ki sta ga vodila<\/strong> Rok Govednik in prevajalka knjige Marija Zlatnar Moe.<\/h4>\n<h4><em><strong>Spletni ogled filma je bil na voljo v nedeljo, 17.1.2021 od 8.00 do 24.00.<br \/>\n<\/strong><\/em><\/h4>\n<p>Knjiga: Per Petterson\/Konje krast\/2003<\/p>\n<p>Film: Hans Petter Moland\/Konje krast\/Norve\u0161ka, \u0160vedska, Danska, 2019\/123 min<\/p>\n<p><em>Zgodba:<\/em><\/p>\n<p><em>Drama o ljubezni, izgubi, krivdi in zapu\u0161\u010dini nacizma na Norve\u0161kem. November leta 1999. Sedemin\u0161estdesetletni Trond Sander se po \u017eenini smrti odseli iz Osla v majhno vasico na vzhodu Norve\u0161kega. Stoletje se bli\u017ea koncu in zdi se, da se kon\u010duje tudi njegovo \u017eivljenje. Nekega zimskega ve\u010dera spozna novega soseda Larsa, za katerega se izka\u017ee, da je njegov stari znanec iz mladosti. Sre\u010danje za\u010dne v njem prebujati spomine na leto 1948, ko je poletje pre\u017eivljal z o\u010detom v preprosti leseni ko\u010di ob reki. Spomini na dolge popoldneve v gozdu, jezdenje konjev in se\u010dnjo dreves ga navdajo z ob\u010dutki sre\u010de, a mu v um prikli\u010dejo tudi prizore usodnih dogodkov, ki so obema spremenili \u017eivljenje.<\/em><br \/>\n<img decoding=\"async\" loading=\"lazy\" class=\"alignnone wp-image-742\" src=\"http:\/\/lu-sezana.si\/kosovelova-soba\/wp-content\/uploads\/2021\/01\/Konje-Krast-2-300x300.png\" alt=\"\" width=\"345\" height=\"345\" srcset=\"https:\/\/lu-sezana.si\/kosovelova-soba\/wp-content\/uploads\/2021\/01\/Konje-Krast-2-300x300.png 300w, https:\/\/lu-sezana.si\/kosovelova-soba\/wp-content\/uploads\/2021\/01\/Konje-Krast-2-150x150.png 150w, https:\/\/lu-sezana.si\/kosovelova-soba\/wp-content\/uploads\/2021\/01\/Konje-Krast-2-768x768.png 768w, https:\/\/lu-sezana.si\/kosovelova-soba\/wp-content\/uploads\/2021\/01\/Konje-Krast-2-1024x1024.png 1024w, https:\/\/lu-sezana.si\/kosovelova-soba\/wp-content\/uploads\/2021\/01\/Konje-Krast-2.png 1080w\" sizes=\"(max-width: 345px) 100vw, 345px\" \/><\/p>\n<p>&nbsp;<\/p>\n<p>&nbsp;<\/p>\n<p>&nbsp;<\/p>\n","protected":false},"excerpt":{"rendered":"<p>&nbsp; Kosovelova soba v partnerstu z vodilnim partnerjem na projektu Kosovelovim domom Se\u017eana in Kosovelovo knji\u017enico Se\u017eana tudi letos sodeluje v projektu Beremo in gledamo. Dogodki Beremo in gledamo se navezujejo na filmografijo posneto po knji\u017eni predlogi. Do zdaj (dve zaporedni sezoni) smo dogodke posvetili ameri\u0161ki literaturi in filmografiji, saj smo za izvedbo pridobili sredstva [&hellip;]<\/p>\n","protected":false},"author":2,"featured_media":0,"comment_status":"closed","ping_status":"closed","sticky":false,"template":"","format":"standard","meta":{"_et_pb_use_builder":"","_et_pb_old_content":"","_et_gb_content_width":""},"categories":[2],"tags":[],"_links":{"self":[{"href":"https:\/\/lu-sezana.si\/kosovelova-soba\/wp-json\/wp\/v2\/posts\/513"}],"collection":[{"href":"https:\/\/lu-sezana.si\/kosovelova-soba\/wp-json\/wp\/v2\/posts"}],"about":[{"href":"https:\/\/lu-sezana.si\/kosovelova-soba\/wp-json\/wp\/v2\/types\/post"}],"author":[{"embeddable":true,"href":"https:\/\/lu-sezana.si\/kosovelova-soba\/wp-json\/wp\/v2\/users\/2"}],"replies":[{"embeddable":true,"href":"https:\/\/lu-sezana.si\/kosovelova-soba\/wp-json\/wp\/v2\/comments?post=513"}],"version-history":[{"count":5,"href":"https:\/\/lu-sezana.si\/kosovelova-soba\/wp-json\/wp\/v2\/posts\/513\/revisions"}],"predecessor-version":[{"id":756,"href":"https:\/\/lu-sezana.si\/kosovelova-soba\/wp-json\/wp\/v2\/posts\/513\/revisions\/756"}],"wp:attachment":[{"href":"https:\/\/lu-sezana.si\/kosovelova-soba\/wp-json\/wp\/v2\/media?parent=513"}],"wp:term":[{"taxonomy":"category","embeddable":true,"href":"https:\/\/lu-sezana.si\/kosovelova-soba\/wp-json\/wp\/v2\/categories?post=513"},{"taxonomy":"post_tag","embeddable":true,"href":"https:\/\/lu-sezana.si\/kosovelova-soba\/wp-json\/wp\/v2\/tags?post=513"}],"curies":[{"name":"wp","href":"https:\/\/api.w.org\/{rel}","templated":true}]}}