{"id":457,"date":"2018-10-19T12:02:35","date_gmt":"2018-10-19T12:02:35","guid":{"rendered":"http:\/\/lu-sezana.si\/kosovelova-soba\/?p=457"},"modified":"2018-10-19T12:02:35","modified_gmt":"2018-10-19T12:02:35","slug":"po-sledeh-in-poteh-srecka-kosovela-dnevi-kulturne-dediscine-v-sezani","status":"publish","type":"post","link":"https:\/\/lu-sezana.si\/kosovelova-soba\/po-sledeh-in-poteh-srecka-kosovela-dnevi-kulturne-dediscine-v-sezani\/","title":{"rendered":"PO SLEDEH IN POTEH SRE\u010cKA KOSOVELA &#8211; DNEVI KULTURNE DEDI\u0160\u010cINE V SE\u017dANI"},"content":{"rendered":"<h3>PO SLEDEH IN POTEH SRE\u010cKA KOSOVELA<\/h3>\n<h4>sobota, 29. september 2018, od 9.00 do 15.30 (Se\u017eana, Tomaj)<\/h4>\n<h5>Dogodek smo za\u010deli z vodenim ogledom Kosovelove spominske sobe ob 9.00 v Se\u017eani na Bazovi\u0161ki cesti 9. Nato smo se skozi borove gozdove sprehodili do Tomaja, kjer smo si po kulturnemu programu ogledali Kosovelovo doma\u010dijo. Doma\u010dini so nam razkazali to kra\u0161ko vasico, pesnikov grob ter nam ponudili lokalne pridelke.<\/h5>\n<p>&nbsp;<\/p>\n<p><img decoding=\"async\" loading=\"lazy\" class=\"alignnone wp-image-435\" src=\"http:\/\/lu-sezana.si\/kosovelova-soba\/wp-content\/uploads\/2018\/08\/Kosovelova-soba_vetrina-300x200.jpg\" alt=\"\" width=\"542\" height=\"361\" srcset=\"https:\/\/lu-sezana.si\/kosovelova-soba\/wp-content\/uploads\/2018\/08\/Kosovelova-soba_vetrina-300x200.jpg 300w, https:\/\/lu-sezana.si\/kosovelova-soba\/wp-content\/uploads\/2018\/08\/Kosovelova-soba_vetrina-768x512.jpg 768w, https:\/\/lu-sezana.si\/kosovelova-soba\/wp-content\/uploads\/2018\/08\/Kosovelova-soba_vetrina-1024x682.jpg 1024w, https:\/\/lu-sezana.si\/kosovelova-soba\/wp-content\/uploads\/2018\/08\/Kosovelova-soba_vetrina.jpg 1400w\" sizes=\"(max-width: 542px) 100vw, 542px\" \/><\/p>\n<p><strong>Program:<\/strong><\/p>\n<p>&#8211; 9.00-9-45: Voden ogled spominske sobe Sre\u010dka Kosovela, Se\u017eana<\/p>\n<p>&#8211; 10.00 \u2013 12.30: Pohod po poti Sre\u010dka Kosovela (cca. 7km), Se\u017eana-Tomaj<\/p>\n<p>&#8211; 12.30: topel napitek in pecivo tomajskih gospodinj ter ponudba doma\u010dih pridelkov in izdelkov<\/p>\n<p>&#8211; 12.45: kraj\u0161i kulturni program u\u010dencev O\u0160 Dutovlje, podru\u017enice Tomaj<\/p>\n<p>&#8211; 13.00: ogled Kosovelove doma\u010dije, pesnikova groba ter voden ogled raznih zanimivosti Tomaja<\/p>\n<p>&#8211; 15.30 brezpla\u010den avtobusni prevoz iz Tomaja do Se\u017eane<\/p>\n<p>* kosilo ni vklju\u010deno v program, priporo\u010damo udobno \u0161portno obutev. Udele\u017eba na lastno odgovornost, v primeru slabega vremena bo dogodek prestavljen na soboto, 29. septembra ob 9.00.<\/p>\n<p><strong>Partnerji\/soorganizatorji:\u00a0<\/strong>TIC Se\u017eana \u2013 Zavod \u0160TIP, Ljudska univerza Se\u017eana, Kosovelova knji\u017enica Se\u017eana, Planinsko dru\u0161tvo Se\u017eana, Kulturno dru\u0161tvo Tomaj, Ob\u010dina Se\u017eana<\/p>\n<p><em>INFO: TIC Se\u017eana, 05 7310 128, tic.sezana@visitkras.info<\/em><\/p>\n<p>&nbsp;<\/p>\n<h5><\/h5>\n","protected":false},"excerpt":{"rendered":"<p>PO SLEDEH IN POTEH SRE\u010cKA KOSOVELA sobota, 29. september 2018, od 9.00 do 15.30 (Se\u017eana, Tomaj) Dogodek smo za\u010deli z vodenim ogledom Kosovelove spominske sobe ob 9.00 v Se\u017eani na Bazovi\u0161ki cesti 9. Nato smo se skozi borove gozdove sprehodili do Tomaja, kjer smo si po kulturnemu programu ogledali Kosovelovo doma\u010dijo. Doma\u010dini so nam razkazali [&hellip;]<\/p>\n","protected":false},"author":2,"featured_media":0,"comment_status":"closed","ping_status":"closed","sticky":false,"template":"","format":"standard","meta":{"_et_pb_use_builder":"","_et_pb_old_content":"","_et_gb_content_width":""},"categories":[2],"tags":[],"_links":{"self":[{"href":"https:\/\/lu-sezana.si\/kosovelova-soba\/wp-json\/wp\/v2\/posts\/457"}],"collection":[{"href":"https:\/\/lu-sezana.si\/kosovelova-soba\/wp-json\/wp\/v2\/posts"}],"about":[{"href":"https:\/\/lu-sezana.si\/kosovelova-soba\/wp-json\/wp\/v2\/types\/post"}],"author":[{"embeddable":true,"href":"https:\/\/lu-sezana.si\/kosovelova-soba\/wp-json\/wp\/v2\/users\/2"}],"replies":[{"embeddable":true,"href":"https:\/\/lu-sezana.si\/kosovelova-soba\/wp-json\/wp\/v2\/comments?post=457"}],"version-history":[{"count":1,"href":"https:\/\/lu-sezana.si\/kosovelova-soba\/wp-json\/wp\/v2\/posts\/457\/revisions"}],"predecessor-version":[{"id":458,"href":"https:\/\/lu-sezana.si\/kosovelova-soba\/wp-json\/wp\/v2\/posts\/457\/revisions\/458"}],"wp:attachment":[{"href":"https:\/\/lu-sezana.si\/kosovelova-soba\/wp-json\/wp\/v2\/media?parent=457"}],"wp:term":[{"taxonomy":"category","embeddable":true,"href":"https:\/\/lu-sezana.si\/kosovelova-soba\/wp-json\/wp\/v2\/categories?post=457"},{"taxonomy":"post_tag","embeddable":true,"href":"https:\/\/lu-sezana.si\/kosovelova-soba\/wp-json\/wp\/v2\/tags?post=457"}],"curies":[{"name":"wp","href":"https:\/\/api.w.org\/{rel}","templated":true}]}}