{"id":248,"date":"2018-01-30T12:54:37","date_gmt":"2018-01-30T12:54:37","guid":{"rendered":"http:\/\/lu-sezana.si\/kosovelova-soba\/?p=248"},"modified":"2018-02-01T14:40:55","modified_gmt":"2018-02-01T14:40:55","slug":"bobri-na-potepu-v-sezani-2","status":"publish","type":"post","link":"https:\/\/lu-sezana.si\/kosovelova-soba\/bobri-na-potepu-v-sezani-2\/","title":{"rendered":"BOBRI NA POTEPU V SE\u017dANI"},"content":{"rendered":"<p><span class=\"_4n-j _3cht fsl\" data-testid=\"event-permalink-details\">Tudi letos bo Se\u017eano od 21. januarja do 8. februarja obiskal ljubljanski festival kulturno-umetnostne vzgoje BOBRI, na katerem sodeluje tudi Kosovelova spominska soba. Pester program bo ponujal ogled filmov in delavnice ter ostale aktivnosti tako za najmlaj\u0161e, kot tudi za odrasle. Vstop je na vse dogodke prost!<\/span><\/p>\n<p>Spremljajte tudi dogodke v <a href=\"http:\/\/www.kosovelovdom.si\/skupine.php?skupina=5\">Kosovelovem domu Se\u017eana<\/a> in <a href=\"http:\/\/www.kosovelova.si\/\">Kosovelovi knji\u017enici<\/a>.<\/p>\n<p>V Kosovelovi sobi bomo ustvarjali na razli\u010dnih delavnicah in podrobneje spoznali na\u0161ega velikega pesnika Sre\u010dka Kosovela.<\/p>\n<p><img decoding=\"async\" loading=\"lazy\" class=\"alignnone size-medium wp-image-203 alignright\" src=\"http:\/\/lu-sezana.si\/kosovelova-soba\/wp-content\/uploads\/2018\/01\/Logo_Bobri10-300x144.jpg\" alt=\"\" width=\"300\" height=\"144\" srcset=\"https:\/\/lu-sezana.si\/kosovelova-soba\/wp-content\/uploads\/2018\/01\/Logo_Bobri10-300x144.jpg 300w, https:\/\/lu-sezana.si\/kosovelova-soba\/wp-content\/uploads\/2018\/01\/Logo_Bobri10.jpg 746w\" sizes=\"(max-width: 300px) 100vw, 300px\" \/><\/p>\n<p>&nbsp;<\/p>\n<h3>sobota, 27. januar 2018, ob 10.00<\/h3>\n<h2><strong>POZVEZIJA<\/strong><\/h2>\n<p>Kje: Kosovelova spominska soba, Bazovi\u0161ka cesta 9, 6210 Se\u017eana<\/p>\n<p><em>Preden gre poezija iz glave v svet, se naseli v zvezke \u2013 take in druga\u010dne.<\/em><\/p>\n<p>Tudi mi bomo zasejali drobno stran poezije med bele strani zvezka, jih skupaj za\u0161ili in z dobro mero ustvarjalnosti zalili. \u010cez \u010das bodo na belini strani za\u010dele rasti besede, vzcvetati \u010da\u010dke \u2026 in prav mogo\u010de je, da se bo spet vse kon\u010dalo (ali za\u010delo) pri drobnem zrnu poezije.<\/p>\n<p>Na delavnico so vabljeni vsi tisti, ki so se udele\u017eili pisanja poezije 24. 1. 2018 v Kosovelovi knji\u017enici Se\u017eana in bodo tako na delavnici v knji\u017eico v\u0161ili svojo pesem, kot tudi vsi ostali, ki bodo med platnicami ustvarili prostor za svoje \u0161e nenapisane misli.<\/p>\n<p>Delavnico bo vodila Petra Grmek, krajinska arhitektka, ki v prostem \u010dasu ve\u010dkrat med barvicami, \u010dopi\u010di, volno in listi papirja i\u0161\u010de navdih. V\u010dasih ga tudi najde \u2013 skupaj z ilustracijami, zvezki in drugimi drobnarijami, ki jih ustvari.<\/p>\n<p>Zvrst: Delavnica izdelovanja knjige<\/p>\n<p>Prijave: obvezne predhodne prijave<\/p>\n<p>Prijave in informacije: <a href=\"mailto:mateja.kralj@lu-sezana.si\">mateja.kralj@lu-sezana.si<\/a>, 05\/7311301<\/p>\n<p>Trajanje: 90 minut<\/p>\n<p>&nbsp;<\/p>\n<h3><span class=\"_4n-j _3cht fsl\" data-testid=\"event-permalink-details\"><span class=\"text_exposed_show\">Petek, 2. februar, ob 18.00 <\/span><\/span><\/h3>\n<p><span class=\"_4n-j _3cht fsl\" data-testid=\"event-permalink-details\"><span class=\"text_exposed_show\">v Kosovelovi sobi &#8211; Ljudska univerza Se\u017eana (v sodelovanju s Kosovelovim domom Se\u017eana)<\/span><\/span><\/p>\n<h2><span class=\"_4n-j _3cht fsl\" data-testid=\"event-permalink-details\"><span class=\"text_exposed_show\">GLAS-BA: RIME V GLASBENI PREOBLEKI &#8211; <\/span><\/span><span class=\"_4n-j _3cht fsl\" data-testid=\"event-permalink-details\"><span class=\"text_exposed_show\">delavnica ODPADE zaradi premajhnega \u0161tevila prijav<\/span><\/span><\/h2>\n<h2><span class=\"_4n-j _3cht fsl\" data-testid=\"event-permalink-details\"><span class=\"text_exposed_show\">\u00a0<\/span><\/span><\/h2>\n<p><span class=\"_4n-j _3cht fsl\" data-testid=\"event-permalink-details\"><span class=\"text_exposed_show\">Na delavnicah bomo spoznali, kako se glasba prepleta s poezijo, kje se sre\u010dujeta in kako dopolnjujeta, se sprehodili skozi nekaj primerov, ko beseda in glasba z roko v roki soustvarita pesem, ter se v tem predvsem preizkusili tudi v praksi, tako da bomo s skupnimi mo\u010dmi izbrano poezijo tudi uglasbili.<br \/>\n(Glasbeno predznanje je za\u017eeleno, ni pa nujno.)<br \/>\nMentorja: Martin Ukmar in Nastja Jan\u017eekovi\u010d<br \/>\n<\/span><\/span><\/p>\n<p>Zvrst: Ustvarjalna delavnica za mlade od 13 do 15 let<\/p>\n<p>Prijave: obvezne predhodne prijave, zbiramo jih do 31.1.2018<\/p>\n<p>Prijave in informacije: <a href=\"mailto:mateja.kralj@lu-sezana.si\">mateja.kralj@lu-sezana.si<\/a>, 05\/7311301<\/p>\n<p>Trajanje: 90 minut<\/p>\n<h3><span class=\"_4n-j _3cht fsl\" data-testid=\"event-permalink-details\"><span class=\"text_exposed_show\"><br \/>\nSobota, 3. februar, ob 10.00 <\/span><\/span><\/h3>\n<p><span class=\"_4n-j _3cht fsl\" data-testid=\"event-permalink-details\"><span class=\"text_exposed_show\">v Kosovelovi sobi &#8211; Ljudska univerza Se\u017eana (v sodelovanju s Kosovelovim domom Se\u017eana) <\/span><\/span><\/p>\n<h2><span class=\"_4n-j _3cht fsl\" data-testid=\"event-permalink-details\"><span class=\"text_exposed_show\">GLAS-BA: RIME V GLASBENI PREOBLEKI &#8211;\u00a0<\/span><\/span><span class=\"_4n-j _3cht fsl\" data-testid=\"event-permalink-details\"><span class=\"text_exposed_show\">delavnica ODPADE zaradi premajhnega \u0161tevila prijav<\/span><\/span><\/h2>\n<p><span class=\"_4n-j _3cht fsl\" data-testid=\"event-permalink-details\"><span class=\"text_exposed_show\">Na delavnicah bomo spoznali, kako se glasba prepleta s poezijo, kje se sre\u010dujeta in kako dopolnjujeta, se sprehodili skozi nekaj primerov, ko beseda in glasba z roko v roki soustvarita pesem, ter se v tem predvsem preizkusili tudi v praksi, tako da bomo s skupnimi mo\u010dmi izbrano poezijo tudi uglasbili.<br \/>\n(Glasbeno predznanje je za\u017eeleno, ni pa nujno.)<br \/>\nMentorja: Martin Ukmar in Nastja Jan\u017eekovi\u010d<\/span><\/span><\/p>\n<p>Zvrst: Ustvarjalna delavnica za mlade od 8 do 12 let<\/p>\n<p>Prijave: obvezne predhodne prijave, zbiramo jih do 31.1.2018<\/p>\n<p>Prijave in informacije: <a href=\"mailto:mateja.kralj@lu-sezana.si\">mateja.kralj@lu-sezana.si<\/a>, 05\/7311301<\/p>\n<p>Trajanje: 90 minut<\/p>\n<p>&nbsp;<\/p>\n<h3><span class=\"_4n-j _3cht fsl\" data-testid=\"event-permalink-details\"><span class=\"text_exposed_show\">\u010cetrtek, 8. februar<br \/>\n<\/span><\/span><\/h3>\n<h2><span class=\"_4n-j _3cht fsl\" data-testid=\"event-permalink-details\"><span class=\"text_exposed_show\">VODENI OBISK KOSOVELOVE SPOMINSKE SOBE <\/span><\/span><\/h2>\n<h2><span class=\"_4n-j _3cht fsl\" data-testid=\"event-permalink-details\"><span class=\"text_exposed_show\">V ROJSTNI HI\u0160I SRE\u010cKA KOSOVELA<\/span><\/span><\/h2>\n<p><span class=\"_4n-j _3cht fsl\" data-testid=\"event-permalink-details\"><span class=\"text_exposed_show\">Kdaj: ob 11.00 (za dru\u017eine z otroki 7 \u2013 14 let) in ob 14.00 (za mlade in odrasle)<\/span><\/span><\/p>\n<p><span class=\"_4n-j _3cht fsl\" data-testid=\"event-permalink-details\"><span class=\"text_exposed_show\">Kje: Kosovelova spominska soba, Bazovi\u0161ka cesta 9, 6210 Se\u017eana<\/span><\/span><\/p>\n<p><span class=\"_4n-j _3cht fsl\" data-testid=\"event-permalink-details\"><span class=\"text_exposed_show\"><br \/>\n<\/span><\/span><span class=\"_4n-j _3cht fsl\" data-testid=\"event-permalink-details\"><span class=\"text_exposed_show\"> V stari \u0161oli, kjer sedaj domuje Ljudska univerza Se\u017eana, je v drugem nadstropju med leti 1893 in 1906 \u017eivela dru\u017eina Kosovel in tam se je kot peti otrok 18. marca 1904 rodil Sre\u010dko Kosovel. Na vodenem obisku Kosovelove spominske sobe v pesnikovi rojstni hi\u0161i se bomo seznanili z \u017eivljenjem in literarnim ustvarjanjem pesnika. V zanimivem ambientu, ki \u0161e dodatno pri\u010dara posebno atmosfero, si bomo ogledali predstavitveni film o \u017eivljenju in delu pesnika. Skozi film in branje Kosovelove poezije tako lahko za\u010dutimo tisti duh v prostoru, ki nas pribli\u017ea temu mladeni\u010du, ki je po skoraj 100 letih s pristnostjo, aktualnostjo in vizionarnostjo svoje poezije \u0161e vedno vir navdiha vsakemu posamezniku.<br \/>\nSpoznali bomo, kje vse je pesnik \u017eivel, kje je na\u0161el navdih za svoje ustvarjanje, kje je deloval in kak\u0161ni so bili njegovi na\u010drti. Skupaj si bomo ogledali razstavne eksponate (faksimile Kosovelovih rokopisov, Kosovelove \u0161olske zvezke in drugo), prebirali njegovo poezijo in si ogledali razli\u010dne izdaje pesnikovega dela.<br \/>\n<\/span><\/span><\/p>\n<p><span class=\"_4n-j _3cht fsl\" data-testid=\"event-permalink-details\"><span class=\"text_exposed_show\">Informacije: mateja.kralj@lu-sezana.si,<wbr \/> 05\/7311301<br \/>\nPrijave niso potrebne.<br \/>\nTrajanje: 60 minut<\/span><\/span><\/p>\n<p>&nbsp;<\/p>\n<h3><a href=\"http:\/\/lu-sezana.si\/kosovelova-soba\/bobri-na-potepu-v-sezani\/\">Celotni program<\/a><\/h3>\n","protected":false},"excerpt":{"rendered":"<p>Tudi letos bo Se\u017eano od 21. januarja do 8. februarja obiskal ljubljanski festival kulturno-umetnostne vzgoje BOBRI, na katerem sodeluje tudi Kosovelova spominska soba. Pester program bo ponujal ogled filmov in delavnice ter ostale aktivnosti tako za najmlaj\u0161e, kot tudi za odrasle. Vstop je na vse dogodke prost! Spremljajte tudi dogodke v Kosovelovem domu Se\u017eana in [&hellip;]<\/p>\n","protected":false},"author":2,"featured_media":0,"comment_status":"closed","ping_status":"closed","sticky":false,"template":"","format":"standard","meta":{"_et_pb_use_builder":"","_et_pb_old_content":"","_et_gb_content_width":""},"categories":[2],"tags":[],"_links":{"self":[{"href":"https:\/\/lu-sezana.si\/kosovelova-soba\/wp-json\/wp\/v2\/posts\/248"}],"collection":[{"href":"https:\/\/lu-sezana.si\/kosovelova-soba\/wp-json\/wp\/v2\/posts"}],"about":[{"href":"https:\/\/lu-sezana.si\/kosovelova-soba\/wp-json\/wp\/v2\/types\/post"}],"author":[{"embeddable":true,"href":"https:\/\/lu-sezana.si\/kosovelova-soba\/wp-json\/wp\/v2\/users\/2"}],"replies":[{"embeddable":true,"href":"https:\/\/lu-sezana.si\/kosovelova-soba\/wp-json\/wp\/v2\/comments?post=248"}],"version-history":[{"count":2,"href":"https:\/\/lu-sezana.si\/kosovelova-soba\/wp-json\/wp\/v2\/posts\/248\/revisions"}],"predecessor-version":[{"id":265,"href":"https:\/\/lu-sezana.si\/kosovelova-soba\/wp-json\/wp\/v2\/posts\/248\/revisions\/265"}],"wp:attachment":[{"href":"https:\/\/lu-sezana.si\/kosovelova-soba\/wp-json\/wp\/v2\/media?parent=248"}],"wp:term":[{"taxonomy":"category","embeddable":true,"href":"https:\/\/lu-sezana.si\/kosovelova-soba\/wp-json\/wp\/v2\/categories?post=248"},{"taxonomy":"post_tag","embeddable":true,"href":"https:\/\/lu-sezana.si\/kosovelova-soba\/wp-json\/wp\/v2\/tags?post=248"}],"curies":[{"name":"wp","href":"https:\/\/api.w.org\/{rel}","templated":true}]}}