{"id":215,"date":"2018-01-12T13:35:39","date_gmt":"2018-01-12T13:35:39","guid":{"rendered":"http:\/\/lu-sezana.si\/kosovelova-soba\/?p=215"},"modified":"2018-01-12T19:40:54","modified_gmt":"2018-01-12T19:40:54","slug":"rabindranath-tagore-in-srecko-kosovel","status":"publish","type":"post","link":"https:\/\/lu-sezana.si\/kosovelova-soba\/rabindranath-tagore-in-srecko-kosovel\/","title":{"rendered":"Rabindranath Tagore in Sre\u010dko Kosovel"},"content":{"rendered":"<h4>Predavanje dr. Ane Jelnikar z naslovom:<\/h4>\n<h3><strong> <a href=\"http:\/\/lu-sezana.si\/koso\/wp-content\/uploads\/2017\/04\/Kosovel.jpg\"><img decoding=\"async\" loading=\"lazy\" class=\" wp-image-317 alignleft\" src=\"http:\/\/lu-sezana.si\/koso\/wp-content\/uploads\/2017\/04\/Kosovel.jpg\" alt=\"Kosovel\" width=\"132\" height=\"199\" \/><\/a> <em>Rabindranath Tagore in Sre\u010dko Kosovel: skupna perspektiva v razdeljenem svetu<\/em><\/strong><\/h3>\n<h3><strong> v sredo, 24. maja 2017 ob 19.00<\/strong><\/h3>\n<h3><strong> v Kosovelovi sobi na Bazovi\u0161ki cesti 9 v Se\u017eani. <\/strong><\/h3>\n<p><strong> Vstop je prost.<\/strong><\/p>\n<p><strong><a href=\"http:\/\/lu-sezana.si\/koso\/wp-content\/uploads\/2017\/04\/tagore.jpg\"><img decoding=\"async\" loading=\"lazy\" class=\"aligncenter size-full wp-image-316\" src=\"http:\/\/lu-sezana.si\/koso\/wp-content\/uploads\/2017\/04\/tagore.jpg\" alt=\"tagore\" width=\"162\" height=\"227\" \/><\/a><\/strong><\/p>\n<p>Indija na za\u010detku dvajsetega stoletja in Slovenci po koncu prve svetovne vojne: kaj bi lahko zdru\u017eevalo ta dva navidezno povsem lo\u010dena in druga\u010dna svetova? Z besedili obeh pesnikov, Rabindranatha Tagoreja (1861-1941) in Sre\u010dka Kosovela (1904-1926), pri \u010demer se je slednji mo\u010dno navdihoval pri indijskemu sodobniku, bomo razmi\u0161ljali o povezavah, skupnih referencah in zgodovinskih okoli\u0161\u010dinah, ki so nepri\u010dakovano zdru\u017eile enega najve\u010djih mislecev moderne Indije z miselnim in \u010dustevnim svetom mladega Sre\u010dka Kosovela. Vsebina predavanja bo predstavila poglavitne ideje in razmi\u0161ljanja Tagoreja, ki so izhajala iz njegove lastne izku\u0161nje in razglabljala o njihovem pomenu in vlogi, pa tudi o njihovi zgodovinski logiki, kar je bilo pomembno za delo in razmi\u0161ljanje slovenskega pesnika.<\/p>\n<p>Predavala bo dr. <strong>Ana Jelnikar<\/strong>, avtorica knjige <em>Universalist Hopes in India and Europe:<br \/>\nThe Worlds of Rabindranath Tagore and Sre\u010dko Kosovel <\/em>(Oxford University Press, 2016)<br \/>\nin znanstvena sodelavka na Znanstveno raziskovalnem centru<br \/>\nSlovenske akademije znanosti in umetnosti (ZRC SAZU) <a href=\"http:\/\/lu-sezana.si\/koso\/wp-content\/uploads\/2017\/04\/Knjiga.jpg\"><img decoding=\"async\" loading=\"lazy\" class=\"aligncenter size-full wp-image-315\" src=\"http:\/\/lu-sezana.si\/koso\/wp-content\/uploads\/2017\/04\/Knjiga.jpg\" alt=\"Knjiga\" width=\"180\" height=\"266\" \/><\/a><\/p>\n<p>&nbsp;<\/p>\n<p>Fotografije z dogodka:<\/p>\n<p><img decoding=\"async\" loading=\"lazy\" class=\"alignnone size-medium wp-image-161\" src=\"http:\/\/lu-sezana.si\/kosovelova-soba\/wp-content\/uploads\/2018\/01\/IMG_8979-300x225.jpg\" alt=\"\" width=\"300\" height=\"225\" srcset=\"https:\/\/lu-sezana.si\/kosovelova-soba\/wp-content\/uploads\/2018\/01\/IMG_8979-300x225.jpg 300w, https:\/\/lu-sezana.si\/kosovelova-soba\/wp-content\/uploads\/2018\/01\/IMG_8979-768x576.jpg 768w, https:\/\/lu-sezana.si\/kosovelova-soba\/wp-content\/uploads\/2018\/01\/IMG_8979.jpg 1024w\" sizes=\"(max-width: 300px) 100vw, 300px\" \/>\u00a0\u00a0\u00a0\u00a0\u00a0 <img decoding=\"async\" loading=\"lazy\" class=\" wp-image-159\" src=\"http:\/\/lu-sezana.si\/kosovelova-soba\/wp-content\/uploads\/2018\/01\/DSC_0018-300x201.jpg\" alt=\"\" width=\"333\" height=\"223\" srcset=\"https:\/\/lu-sezana.si\/kosovelova-soba\/wp-content\/uploads\/2018\/01\/DSC_0018-300x201.jpg 300w, https:\/\/lu-sezana.si\/kosovelova-soba\/wp-content\/uploads\/2018\/01\/DSC_0018-768x514.jpg 768w, https:\/\/lu-sezana.si\/kosovelova-soba\/wp-content\/uploads\/2018\/01\/DSC_0018.jpg 1024w\" sizes=\"(max-width: 333px) 100vw, 333px\" \/><\/p>\n<p><img decoding=\"async\" loading=\"lazy\" class=\"alignnone size-medium wp-image-155\" src=\"http:\/\/lu-sezana.si\/kosovelova-soba\/wp-content\/uploads\/2018\/01\/IMG_8986-300x225.jpg\" alt=\"\" width=\"300\" height=\"225\" srcset=\"https:\/\/lu-sezana.si\/kosovelova-soba\/wp-content\/uploads\/2018\/01\/IMG_8986-300x225.jpg 300w, https:\/\/lu-sezana.si\/kosovelova-soba\/wp-content\/uploads\/2018\/01\/IMG_8986-768x576.jpg 768w, https:\/\/lu-sezana.si\/kosovelova-soba\/wp-content\/uploads\/2018\/01\/IMG_8986.jpg 1024w\" sizes=\"(max-width: 300px) 100vw, 300px\" \/>\u00a0 \u00a0 \u00a0 <img decoding=\"async\" loading=\"lazy\" class=\"alignnone size-medium wp-image-157\" src=\"http:\/\/lu-sezana.si\/kosovelova-soba\/wp-content\/uploads\/2018\/01\/IMG_8987-300x225.jpg\" alt=\"\" width=\"300\" height=\"225\" srcset=\"https:\/\/lu-sezana.si\/kosovelova-soba\/wp-content\/uploads\/2018\/01\/IMG_8987-300x225.jpg 300w, https:\/\/lu-sezana.si\/kosovelova-soba\/wp-content\/uploads\/2018\/01\/IMG_8987-768x576.jpg 768w, https:\/\/lu-sezana.si\/kosovelova-soba\/wp-content\/uploads\/2018\/01\/IMG_8987.jpg 1024w\" sizes=\"(max-width: 300px) 100vw, 300px\" \/><\/p>\n<p><img decoding=\"async\" loading=\"lazy\" class=\"alignnone size-medium wp-image-156\" src=\"http:\/\/lu-sezana.si\/kosovelova-soba\/wp-content\/uploads\/2018\/01\/IMG_9001-300x225.jpg\" alt=\"\" width=\"300\" height=\"225\" srcset=\"https:\/\/lu-sezana.si\/kosovelova-soba\/wp-content\/uploads\/2018\/01\/IMG_9001-300x225.jpg 300w, https:\/\/lu-sezana.si\/kosovelova-soba\/wp-content\/uploads\/2018\/01\/IMG_9001-768x576.jpg 768w, https:\/\/lu-sezana.si\/kosovelova-soba\/wp-content\/uploads\/2018\/01\/IMG_9001.jpg 1024w\" sizes=\"(max-width: 300px) 100vw, 300px\" \/><\/p>\n<p>&nbsp;<\/p>\n","protected":false},"excerpt":{"rendered":"<p>Predavanje dr. Ane Jelnikar z naslovom: Rabindranath Tagore in Sre\u010dko Kosovel: skupna perspektiva v razdeljenem svetu v sredo, 24. maja 2017 ob 19.00 v Kosovelovi sobi na Bazovi\u0161ki cesti 9 v Se\u017eani. Vstop je prost. Indija na za\u010detku dvajsetega stoletja in Slovenci po koncu prve svetovne vojne: kaj bi lahko zdru\u017eevalo ta dva navidezno povsem [&hellip;]<\/p>\n","protected":false},"author":2,"featured_media":0,"comment_status":"closed","ping_status":"closed","sticky":false,"template":"","format":"standard","meta":{"_et_pb_use_builder":"","_et_pb_old_content":"","_et_gb_content_width":""},"categories":[2],"tags":[],"_links":{"self":[{"href":"https:\/\/lu-sezana.si\/kosovelova-soba\/wp-json\/wp\/v2\/posts\/215"}],"collection":[{"href":"https:\/\/lu-sezana.si\/kosovelova-soba\/wp-json\/wp\/v2\/posts"}],"about":[{"href":"https:\/\/lu-sezana.si\/kosovelova-soba\/wp-json\/wp\/v2\/types\/post"}],"author":[{"embeddable":true,"href":"https:\/\/lu-sezana.si\/kosovelova-soba\/wp-json\/wp\/v2\/users\/2"}],"replies":[{"embeddable":true,"href":"https:\/\/lu-sezana.si\/kosovelova-soba\/wp-json\/wp\/v2\/comments?post=215"}],"version-history":[{"count":3,"href":"https:\/\/lu-sezana.si\/kosovelova-soba\/wp-json\/wp\/v2\/posts\/215\/revisions"}],"predecessor-version":[{"id":221,"href":"https:\/\/lu-sezana.si\/kosovelova-soba\/wp-json\/wp\/v2\/posts\/215\/revisions\/221"}],"wp:attachment":[{"href":"https:\/\/lu-sezana.si\/kosovelova-soba\/wp-json\/wp\/v2\/media?parent=215"}],"wp:term":[{"taxonomy":"category","embeddable":true,"href":"https:\/\/lu-sezana.si\/kosovelova-soba\/wp-json\/wp\/v2\/categories?post=215"},{"taxonomy":"post_tag","embeddable":true,"href":"https:\/\/lu-sezana.si\/kosovelova-soba\/wp-json\/wp\/v2\/tags?post=215"}],"curies":[{"name":"wp","href":"https:\/\/api.w.org\/{rel}","templated":true}]}}