{"id":1507,"date":"2025-09-16T10:49:20","date_gmt":"2025-09-16T10:49:20","guid":{"rendered":"https:\/\/lu-sezana.si\/kosovelova-soba\/?p=1507"},"modified":"2025-09-16T10:52:54","modified_gmt":"2025-09-16T10:52:54","slug":"festival-vilenica-letos-tudi-v-kosovelovi-sobi","status":"publish","type":"post","link":"https:\/\/lu-sezana.si\/kosovelova-soba\/festival-vilenica-letos-tudi-v-kosovelovi-sobi\/","title":{"rendered":"Festival Vilenica letos tudi v Kosovelovi sobi"},"content":{"rendered":"\n<p>V tednu med 8. in 13. septembrom se je na Krasu, v Trstu in Ljubljani ter drugih krajih po Sloveniji odvijal jubilejni mednarodni literarni festival Vilenica. Tokrat \u017ee 40. po vrsti.<\/p>\n\n\n\n<p>Nagrado Vilenica je letos prejel bolgarski avtor Georgi Gospodinov, ki se je spominjal svoje prve udele\u017ebe na tem festivalu kot mladi avtor pred mnogimi leti. Prejemnik prvega \u010dastnega kristala Vilenice pa je Aleksander Per\u0161olja, idejni o\u010de festivala. Ob tej priliki smo se spomnili na leto 1980, ko so na ve\u010deru poezije, ki sta ga v Vilenici pripravila Marjan Su\u0161a in dolgoletni direktor Ljudske univerze Se\u017eana Pavel Skrinjar, svoje pesmi brali Danilo Dolci, Ciril Zlobec, Marko Kravos in Aleksander Per\u0161olja. Nekaj let pozneje se je z velikim posluhom za pomembnost literature s strani Vena Tauferja ter podporo Ob\u010dine Se\u017eana in Dru\u0161tva slovenskih pisateljev rodil festival Vilenica.<\/p>\n\n\n\n<p>Osrednja slovesnost, kjer so nagrade podelili, je bila v jami Vilenica v soboto, 13. septembra. Pred tem smo v Kosovelovi spominski sobi v dopoldanskem \u010dasu gostili literarno matinejo, na kateri sta brala tudi dva vileni\u0161ka nagrajenca iz preteklih let: Ilma Rakusa, nagrajenka iz leta 2005 in Dragan Veliki\u0107, ki je nagrado prejel pred 6 leti. Na branju smo sli\u0161ali \u0161e tri avtorje iz Katalonije, Tino Vall\u00e8s, Mario Joseph Escriv\u00e0 ter Francesca Ser\u00e9sa. V zadnjem trenutku se nam je pridru\u017eila tudi slovenska avtorica Veronika Simoniti. Miha Obit pa je po branju pesmi, ki jih je na\u010drtoval za to prilo\u017enost, dodatno prebral \u0161e pesem posve\u010deno Sre\u010dku Kosovelu.<\/p>\n\n\n\n<p>Tudi leto\u0161nja Vilenica je dokaz, da imajo literatura in literarni festivali izredno velik pomen v dru\u017ebi.<\/p>\n\n\n\n<figure class=\"is-layout-flex wp-block-gallery-1 wp-block-gallery has-nested-images columns-default is-cropped\">\n<figure class=\"wp-block-image size-large\"><img decoding=\"async\" loading=\"lazy\" width=\"1024\" height=\"789\" data-id=\"1511\"  src=\"https:\/\/lu-sezana.si\/kosovelova-soba\/wp-content\/uploads\/2025\/09\/Aleksander-Persolja_KristalVilenice-1024x789.jpg\" alt=\"\" class=\"wp-image-1511\" srcset=\"https:\/\/lu-sezana.si\/kosovelova-soba\/wp-content\/uploads\/2025\/09\/Aleksander-Persolja_KristalVilenice-980x755.jpg 980w, https:\/\/lu-sezana.si\/kosovelova-soba\/wp-content\/uploads\/2025\/09\/Aleksander-Persolja_KristalVilenice-480x370.jpg 480w\" sizes=\"(min-width: 0px) and (max-width: 480px) 480px, (min-width: 481px) and (max-width: 980px) 980px, (min-width: 981px) 1024px, 100vw\" \/><\/figure>\n\n\n\n<figure class=\"wp-block-image size-large\"><img decoding=\"async\" loading=\"lazy\" width=\"768\" height=\"1024\" data-id=\"1513\"  src=\"https:\/\/lu-sezana.si\/kosovelova-soba\/wp-content\/uploads\/2025\/09\/Dragan-Velikic-768x1024.jpg\" alt=\"\" class=\"wp-image-1513\"\/><\/figure>\n\n\n\n<figure class=\"wp-block-image size-large\"><img decoding=\"async\" loading=\"lazy\" width=\"710\" height=\"1024\" data-id=\"1512\"  src=\"https:\/\/lu-sezana.si\/kosovelova-soba\/wp-content\/uploads\/2025\/09\/Ilma-Rakusa-710x1024.jpg\" alt=\"\" class=\"wp-image-1512\" srcset=\"https:\/\/lu-sezana.si\/kosovelova-soba\/wp-content\/uploads\/2025\/09\/Ilma-Rakusa-710x1024.jpg 710w, https:\/\/lu-sezana.si\/kosovelova-soba\/wp-content\/uploads\/2025\/09\/Ilma-Rakusa-480x692.jpg 480w\" sizes=\"(min-width: 0px) and (max-width: 480px) 480px, (min-width: 481px) 710px, 100vw\" \/><\/figure>\n\n\n\n<figure class=\"wp-block-image size-large\"><img decoding=\"async\" loading=\"lazy\" width=\"768\" height=\"1024\" data-id=\"1514\"  src=\"https:\/\/lu-sezana.si\/kosovelova-soba\/wp-content\/uploads\/2025\/09\/Miha-Obit-768x1024.jpg\" alt=\"\" class=\"wp-image-1514\"\/><\/figure>\n\n\n\n<figure class=\"wp-block-image size-large\"><img decoding=\"async\" loading=\"lazy\" width=\"768\" height=\"1024\" data-id=\"1515\"  src=\"https:\/\/lu-sezana.si\/kosovelova-soba\/wp-content\/uploads\/2025\/09\/Tina-Valles-768x1024.jpg\" alt=\"\" class=\"wp-image-1515\"\/><\/figure>\n<\/figure>\n","protected":false},"excerpt":{"rendered":"<p>V tednu med 8. in 13. septembrom se je na Krasu, v Trstu in Ljubljani ter drugih krajih po Sloveniji odvijal jubilejni mednarodni literarni festival Vilenica. Tokrat \u017ee 40. po vrsti. Nagrado Vilenica je letos prejel bolgarski avtor Georgi Gospodinov, ki se je spominjal svoje prve udele\u017ebe na tem festivalu kot mladi avtor pred mnogimi [&hellip;]<\/p>\n","protected":false},"author":2,"featured_media":1508,"comment_status":"closed","ping_status":"closed","sticky":false,"template":"","format":"standard","meta":{"_et_pb_use_builder":"off","_et_pb_old_content":"","_et_gb_content_width":""},"categories":[2,1],"tags":[65,101,103,13,66,102],"_links":{"self":[{"href":"https:\/\/lu-sezana.si\/kosovelova-soba\/wp-json\/wp\/v2\/posts\/1507"}],"collection":[{"href":"https:\/\/lu-sezana.si\/kosovelova-soba\/wp-json\/wp\/v2\/posts"}],"about":[{"href":"https:\/\/lu-sezana.si\/kosovelova-soba\/wp-json\/wp\/v2\/types\/post"}],"author":[{"embeddable":true,"href":"https:\/\/lu-sezana.si\/kosovelova-soba\/wp-json\/wp\/v2\/users\/2"}],"replies":[{"embeddable":true,"href":"https:\/\/lu-sezana.si\/kosovelova-soba\/wp-json\/wp\/v2\/comments?post=1507"}],"version-history":[{"count":2,"href":"https:\/\/lu-sezana.si\/kosovelova-soba\/wp-json\/wp\/v2\/posts\/1507\/revisions"}],"predecessor-version":[{"id":1516,"href":"https:\/\/lu-sezana.si\/kosovelova-soba\/wp-json\/wp\/v2\/posts\/1507\/revisions\/1516"}],"wp:featuredmedia":[{"embeddable":true,"href":"https:\/\/lu-sezana.si\/kosovelova-soba\/wp-json\/wp\/v2\/media\/1508"}],"wp:attachment":[{"href":"https:\/\/lu-sezana.si\/kosovelova-soba\/wp-json\/wp\/v2\/media?parent=1507"}],"wp:term":[{"taxonomy":"category","embeddable":true,"href":"https:\/\/lu-sezana.si\/kosovelova-soba\/wp-json\/wp\/v2\/categories?post=1507"},{"taxonomy":"post_tag","embeddable":true,"href":"https:\/\/lu-sezana.si\/kosovelova-soba\/wp-json\/wp\/v2\/tags?post=1507"}],"curies":[{"name":"wp","href":"https:\/\/api.w.org\/{rel}","templated":true}]}}