{"id":1496,"date":"2025-09-03T10:55:47","date_gmt":"2025-09-03T10:55:47","guid":{"rendered":"https:\/\/lu-sezana.si\/kosovelova-soba\/?p=1496"},"modified":"2025-09-03T11:05:49","modified_gmt":"2025-09-03T11:05:49","slug":"festival-vilenica-gosti-v-kosovelovi-sobi","status":"publish","type":"post","link":"https:\/\/lu-sezana.si\/kosovelova-soba\/festival-vilenica-gosti-v-kosovelovi-sobi\/","title":{"rendered":"Festival Vilenica gosti v Kosovelovi sobi"},"content":{"rendered":"\n<p>V ponedeljek, 8. septembra 2025, za\u010denja <strong>Mednarodni literarni festival Vilenica<\/strong>, ki letos slavi svojo 40. obletnico. Festival Vilenica letos gostimo tudi v Kosovelovi sobi v Se\u017eani z dogodkom <\/p>\n\n\n\n<p class=\"has-medium-font-size\">LITERARNA MATINEJA, <\/p>\n\n\n\n<p class=\"has-medium-font-size\">ki bo v soboto, 13. septembra 2025, ob 11. uri <\/p>\n\n\n\n<p class=\"has-medium-font-size\">v Kosovelovi sobi na Bazovi\u0161ki cesti 9 v Se\u017eani. <\/p>\n\n\n\n<p><\/p>\n\n\n\n<p>Na literarni matineji se nam bodo pridru\u017eili gostje: <\/p>\n\n\n\n<p><\/p>\n\n\n\n<p><strong>Mila Haugov\u00e1 (Slova\u0161ka)<\/strong><\/p>\n\n\n\n<p><strong>Maria Josep Escriv\u00e0 (\u0160panija\/Katalonija)<\/strong><\/p>\n\n\n\n<p><strong>L\u00e1szl\u00f3 Krasznahorkai (Mad\u017earska)<\/strong><\/p>\n\n\n\n<p><strong>Miha Obit (Slovenija\/Italija)<\/strong><\/p>\n\n\n\n<p><strong>Ilma Rakusa (\u0160vica)<\/strong><\/p>\n\n\n\n<p><strong>Francesc Ser\u00e9s (\u0160panija\/Katalonija)<\/strong><\/p>\n\n\n\n<p><strong>Tina Vall\u00e8s (\u0160panija\/Katalonija)<\/strong><\/p>\n\n\n\n<p><strong>Dragan Veliki\u0107 (Srbija)<\/strong><\/p>\n\n\n\n<p>Dogodek bo povezovala: Ksenija Medved<\/p>\n\n\n\n<p><\/p>\n\n\n\n<p>Festival Vilenica letos poteka pod geslom\u00a0<strong><em>Krasni novi svet \u2013 Nova pravila bivanja<\/em><\/strong>, Kot so zapisali na spletnih straneh festivala geslo ozna\u010duje ne zgolj diagnozo sedanjosti, temve\u010d izhodi\u0161\u010de za razmislek: kak\u0161ne so alternative dana\u0161njim modelom bivanja, onkraj logike strahu in polarizacije? Nova pravila bivanja niso stroge zapovedi, ekonomski na\u010drti ali algoritmi\u010dni izra\u010duni optimalnega \u017eivljenja. So odprta, fluidna in nenehno spreminjajo\u010da se na\u010dela, ki nastajajo skozi umetni\u0161ko imaginacijo, zgodbe in verze, razkrivajo\u010d globlje resnice. Ali lahko ravno literatura zmore premik od binarnih nasprotij k dialogu, ki omogo\u010da ve\u010dplastno razumevanje sveta? Kako oblikovati novo obliko skupnosti v \u010dasu, ko se razlike \u2013 bodisi razredne, kulturne, etni\u010dne ali ideolo\u0161ke \u2013 poglabljajo bolj kot kadarkoli prej? Kako opredeliti dom, ko podnebne katastrofe izkoreninjajo milijone ljudi? Kako ohraniti kulturno identiteto brez zapiranja v nacionalisti\u010dne okvire?<\/p>\n\n\n\n<p><\/p>\n","protected":false},"excerpt":{"rendered":"<p>V ponedeljek, 8. septembra 2025, za\u010denja Mednarodni literarni festival Vilenica, ki letos slavi svojo 40. obletnico. Festival Vilenica letos gostimo tudi v Kosovelovi sobi v Se\u017eani z dogodkom LITERARNA MATINEJA, ki bo v soboto, 13. septembra 2025, ob 11. uri v Kosovelovi sobi na Bazovi\u0161ki cesti 9 v Se\u017eani. Na literarni matineji se nam bodo [&hellip;]<\/p>\n","protected":false},"author":2,"featured_media":1497,"comment_status":"closed","ping_status":"closed","sticky":false,"template":"","format":"standard","meta":{"_et_pb_use_builder":"off","_et_pb_old_content":"","_et_gb_content_width":""},"categories":[2,1],"tags":[93,65,99,98,13,97,100,96,92,95,94],"_links":{"self":[{"href":"https:\/\/lu-sezana.si\/kosovelova-soba\/wp-json\/wp\/v2\/posts\/1496"}],"collection":[{"href":"https:\/\/lu-sezana.si\/kosovelova-soba\/wp-json\/wp\/v2\/posts"}],"about":[{"href":"https:\/\/lu-sezana.si\/kosovelova-soba\/wp-json\/wp\/v2\/types\/post"}],"author":[{"embeddable":true,"href":"https:\/\/lu-sezana.si\/kosovelova-soba\/wp-json\/wp\/v2\/users\/2"}],"replies":[{"embeddable":true,"href":"https:\/\/lu-sezana.si\/kosovelova-soba\/wp-json\/wp\/v2\/comments?post=1496"}],"version-history":[{"count":3,"href":"https:\/\/lu-sezana.si\/kosovelova-soba\/wp-json\/wp\/v2\/posts\/1496\/revisions"}],"predecessor-version":[{"id":1501,"href":"https:\/\/lu-sezana.si\/kosovelova-soba\/wp-json\/wp\/v2\/posts\/1496\/revisions\/1501"}],"wp:featuredmedia":[{"embeddable":true,"href":"https:\/\/lu-sezana.si\/kosovelova-soba\/wp-json\/wp\/v2\/media\/1497"}],"wp:attachment":[{"href":"https:\/\/lu-sezana.si\/kosovelova-soba\/wp-json\/wp\/v2\/media?parent=1496"}],"wp:term":[{"taxonomy":"category","embeddable":true,"href":"https:\/\/lu-sezana.si\/kosovelova-soba\/wp-json\/wp\/v2\/categories?post=1496"},{"taxonomy":"post_tag","embeddable":true,"href":"https:\/\/lu-sezana.si\/kosovelova-soba\/wp-json\/wp\/v2\/tags?post=1496"}],"curies":[{"name":"wp","href":"https:\/\/api.w.org\/{rel}","templated":true}]}}