{"id":1453,"date":"2025-05-14T11:35:25","date_gmt":"2025-05-14T11:35:25","guid":{"rendered":"https:\/\/lu-sezana.si\/kosovelova-soba\/?p=1453"},"modified":"2025-05-14T11:38:28","modified_gmt":"2025-05-14T11:38:28","slug":"1453-2","status":"publish","type":"post","link":"https:\/\/lu-sezana.si\/kosovelova-soba\/1453-2\/","title":{"rendered":"Kosovelove razglednice za Kosovelovo leto 2026"},"content":{"rendered":"\n<p>Tudi v okviru projekta KONStrukTURIZEM Ob\u010dina Se\u017eana skupaj s partnerji, med katerimi je tudi Kosovelova soba, vabi k praznovanju <strong>Kosovelovega leta 2026<\/strong>. Tako so v okviru projekta nastale edinstvene Kosovelove razglednice, ki v desetih kombinacijah pesnikove poezije in podobe na svojstven na\u010din predstavljajo dedi\u0161\u010dino Sre\u010dka Kosovela.<\/p>\n\n\n\n<p>Na \u0161tevilnih dogodkih v Sloveniji in tujini bodo razglednice pri\u010dale o izjemnem literarnem izro\u010dilu pesnika, hkrati pa osve\u0161\u010dale javnost o pomenu ene klju\u010dnih osebnosti slovenske literarne zgodovine ter poudarile bogato kulturno dedi\u0161\u010dino Krasa.<\/p>\n\n\n\n<p>Projekt KONStrukTURIZEM je zasnovan z namenom ohranjanja in promocije kulturne dedi\u0161\u010dine ter spodbujanja \u0161ir\u0161e javnosti k raziskovanju Kosovelovih del. Razglednice tako niso zgolj promocijski estetski izdelek, ampak s poezijo, vizualnimi podobami in spremljajo\u010dimi informacijami pribli\u017eujejo pesnikovo \u017eivljenje, delo in navdih, ki ga je \u010drpal iz doma\u010dega Krasa.<\/p>\n\n\n\n<p><em>Projekt KONStrukTURIZEMje sofinanciran iz Na\u010drta za okrevanje in odpornost, razvojno podro\u010dje C3: Pametna, trajnostna in vklju\u010dujo\u010da rast, komponenta K: Dvig produktivnosti, prijazno poslovno okolje za investitorje in investicija D: Zagotavljanje inovativnih ekosistemov ekonomsko-poslovne&nbsp;infrastrukture.<\/em><\/p>\n\n\n\n<figure class=\"wp-block-image is-resized\"><img decoding=\"async\" loading=\"lazy\" src=\"https:\/\/www.sezana.si\/Files\/TextContent\/121\/1747112403389_WhatsApp Image 2025-05-12 at 21.33.16.jpeg.jpg\" alt=\"WhatsApp Image 2025-05-12 at 21.33.16\" width=\"219\" height=\"149\"\/><\/figure>\n","protected":false},"excerpt":{"rendered":"<p>Tudi v okviru projekta KONStrukTURIZEM Ob\u010dina Se\u017eana skupaj s partnerji, med katerimi je tudi Kosovelova soba, vabi k praznovanju Kosovelovega leta 2026. Tako so v okviru projekta nastale edinstvene Kosovelove razglednice, ki v desetih kombinacijah pesnikove poezije in podobe na svojstven na\u010din predstavljajo dedi\u0161\u010dino Sre\u010dka Kosovela. Na \u0161tevilnih dogodkih v Sloveniji in tujini bodo razglednice [&hellip;]<\/p>\n","protected":false},"author":2,"featured_media":1454,"comment_status":"closed","ping_status":"closed","sticky":false,"template":"","format":"standard","meta":{"_et_pb_use_builder":"off","_et_pb_old_content":"","_et_gb_content_width":""},"categories":[2,1],"tags":[84,81,13,83,82,24,20,12],"_links":{"self":[{"href":"https:\/\/lu-sezana.si\/kosovelova-soba\/wp-json\/wp\/v2\/posts\/1453"}],"collection":[{"href":"https:\/\/lu-sezana.si\/kosovelova-soba\/wp-json\/wp\/v2\/posts"}],"about":[{"href":"https:\/\/lu-sezana.si\/kosovelova-soba\/wp-json\/wp\/v2\/types\/post"}],"author":[{"embeddable":true,"href":"https:\/\/lu-sezana.si\/kosovelova-soba\/wp-json\/wp\/v2\/users\/2"}],"replies":[{"embeddable":true,"href":"https:\/\/lu-sezana.si\/kosovelova-soba\/wp-json\/wp\/v2\/comments?post=1453"}],"version-history":[{"count":2,"href":"https:\/\/lu-sezana.si\/kosovelova-soba\/wp-json\/wp\/v2\/posts\/1453\/revisions"}],"predecessor-version":[{"id":1456,"href":"https:\/\/lu-sezana.si\/kosovelova-soba\/wp-json\/wp\/v2\/posts\/1453\/revisions\/1456"}],"wp:featuredmedia":[{"embeddable":true,"href":"https:\/\/lu-sezana.si\/kosovelova-soba\/wp-json\/wp\/v2\/media\/1454"}],"wp:attachment":[{"href":"https:\/\/lu-sezana.si\/kosovelova-soba\/wp-json\/wp\/v2\/media?parent=1453"}],"wp:term":[{"taxonomy":"category","embeddable":true,"href":"https:\/\/lu-sezana.si\/kosovelova-soba\/wp-json\/wp\/v2\/categories?post=1453"},{"taxonomy":"post_tag","embeddable":true,"href":"https:\/\/lu-sezana.si\/kosovelova-soba\/wp-json\/wp\/v2\/tags?post=1453"}],"curies":[{"name":"wp","href":"https:\/\/api.w.org\/{rel}","templated":true}]}}