{"id":1431,"date":"2025-03-12T12:25:06","date_gmt":"2025-03-12T12:25:06","guid":{"rendered":"https:\/\/lu-sezana.si\/kosovelova-soba\/?p=1431"},"modified":"2025-03-12T12:35:04","modified_gmt":"2025-03-12T12:35:04","slug":"srecko-kosovel-121","status":"publish","type":"post","link":"https:\/\/lu-sezana.si\/kosovelova-soba\/srecko-kosovel-121\/","title":{"rendered":"SRE\u010cKO KOSOVEL 121"},"content":{"rendered":"\n<p>18. marca 2025 praznujemo 121. rojstni dan Sre\u010dka Kosovela v Kosovelovi spominski sobi v njegovi rojstni hi\u0161i v Se\u017eani.<\/p>\n\n\n\n<p>Kosovelovo \u017eivljenje in poezijo bomo spoznali skozi <strong>glasbo<\/strong> in tradicionalno japonsko umetnost pripovedovanja zgodb ob slikah <strong>kami\u0161ibaj<\/strong>.<\/p>\n\n\n\n<p>Z nami bodo:<\/p>\n\n\n\n<p><strong>\u017denski pevski zbor Dotik Hrpelje<\/strong><\/p>\n\n\n\n<p>in kami\u0161ibajke:<\/p>\n\n\n\n<p><strong>Vesna Marion, Vlasta Marko\u010di\u010d<\/strong> in <strong>Eleonora Stani\u0107 Ostrou\u0161ka<\/strong> ter osnovno\u0161olki <strong>Greta Viviani<\/strong> in <strong>Brigita Petaros<\/strong>.<\/p>\n\n\n\n<p>Na praznovanju Sre\u010dkovega rojstnega dne se dobimo v <\/p>\n\n\n\n<p class=\"has-medium-font-size\"><strong>torek, 18. marca 2025 ob 18.00 v Kosovelovi spominski sobi<\/strong>.<\/p>\n\n\n\n<p class=\"has-medium-font-size\">Vabljeni!<\/p>\n","protected":false},"excerpt":{"rendered":"<p>18. marca 2025 praznujemo 121. rojstni dan Sre\u010dka Kosovela v Kosovelovi spominski sobi v njegovi rojstni hi\u0161i v Se\u017eani. Kosovelovo \u017eivljenje in poezijo bomo spoznali skozi glasbo in tradicionalno japonsko umetnost pripovedovanja zgodb ob slikah kami\u0161ibaj. Z nami bodo: \u017denski pevski zbor Dotik Hrpelje in kami\u0161ibajke: Vesna Marion, Vlasta Marko\u010di\u010d in Eleonora Stani\u0107 Ostrou\u0161ka ter [&hellip;]<\/p>\n","protected":false},"author":2,"featured_media":1436,"comment_status":"closed","ping_status":"closed","sticky":false,"template":"","format":"standard","meta":{"_et_pb_use_builder":"off","_et_pb_old_content":"","_et_gb_content_width":""},"categories":[2],"tags":[75,73,13,55,20,12,74],"_links":{"self":[{"href":"https:\/\/lu-sezana.si\/kosovelova-soba\/wp-json\/wp\/v2\/posts\/1431"}],"collection":[{"href":"https:\/\/lu-sezana.si\/kosovelova-soba\/wp-json\/wp\/v2\/posts"}],"about":[{"href":"https:\/\/lu-sezana.si\/kosovelova-soba\/wp-json\/wp\/v2\/types\/post"}],"author":[{"embeddable":true,"href":"https:\/\/lu-sezana.si\/kosovelova-soba\/wp-json\/wp\/v2\/users\/2"}],"replies":[{"embeddable":true,"href":"https:\/\/lu-sezana.si\/kosovelova-soba\/wp-json\/wp\/v2\/comments?post=1431"}],"version-history":[{"count":2,"href":"https:\/\/lu-sezana.si\/kosovelova-soba\/wp-json\/wp\/v2\/posts\/1431\/revisions"}],"predecessor-version":[{"id":1437,"href":"https:\/\/lu-sezana.si\/kosovelova-soba\/wp-json\/wp\/v2\/posts\/1431\/revisions\/1437"}],"wp:featuredmedia":[{"embeddable":true,"href":"https:\/\/lu-sezana.si\/kosovelova-soba\/wp-json\/wp\/v2\/media\/1436"}],"wp:attachment":[{"href":"https:\/\/lu-sezana.si\/kosovelova-soba\/wp-json\/wp\/v2\/media?parent=1431"}],"wp:term":[{"taxonomy":"category","embeddable":true,"href":"https:\/\/lu-sezana.si\/kosovelova-soba\/wp-json\/wp\/v2\/categories?post=1431"},{"taxonomy":"post_tag","embeddable":true,"href":"https:\/\/lu-sezana.si\/kosovelova-soba\/wp-json\/wp\/v2\/tags?post=1431"}],"curies":[{"name":"wp","href":"https:\/\/api.w.org\/{rel}","templated":true}]}}