{"id":1379,"date":"2024-09-13T13:21:17","date_gmt":"2024-09-13T13:21:17","guid":{"rendered":"http:\/\/lu-sezana.si\/kosovelova-soba\/?p=1379"},"modified":"2024-09-13T13:37:18","modified_gmt":"2024-09-13T13:37:18","slug":"dijaki-na-mestu-knjige-in-literarni-vlak-ng-sezana","status":"publish","type":"post","link":"https:\/\/lu-sezana.si\/kosovelova-soba\/dijaki-na-mestu-knjige-in-literarni-vlak-ng-sezana\/","title":{"rendered":"Dijaki na Mestu knjige in Literarni vlak NG \u2013 Se\u017eana"},"content":{"rendered":"\n<p>Komaj smo vstopili v novo \u0161olsko leto in preden nas je zajela ohladitev, smo u\u017eivali na dveh literarnih festivalih, Mesto knjige v Novi Gorici in Festival Vilenica. Oba festivala sta potekala v prvem tednu meseca septembra in se zaklju\u010dila v soboto, 7. septembra. Na ta dan smo z Literarnim vlakom preko Kosovelove spominske sobe v Se\u017eani povezali oba festivala.<\/p>\n\n\n\n<p>Literarni vlak je v Se\u017eano prispel to\u010dno, ob 15. in 38 minut. Potovalce je sprejela skrbnica Kosovelove sobe Mateja Kralj. Skupaj smo se sprehodili po Sre\u010dkovem rojstnem kraju mimo obeh \u0161ol, Kosovelovega doma in prispeli v Kosovelovo sobo, kjer smo na pogovoru o pesniku gostili Ale\u0161a Bergerja in Ludwiga Hartingerja. Oba gosta sta literata, prevajalca, urednika in velika poznavalca Sre\u010dka Kosovela. Skupaj sta sodelovala tudi pri filmu o njegovi sestri Karmeli, ki ga je leta 2019 re\u017eiral Marko Sosi\u010d. Seveda smo v pogovoru spregovorili tudi o povezavi Sre\u010dka z Gorico, kjer je leta 1921 obiskal prijatelja Nemca in pisal prijateljici Nadi o lepi Gorici, ki \u00bbobjame tako ljubko popotnika, ki \u017eeli vanjo, in ga obdari s tiso\u010dimi vtisov, in o So\u010di, sinje modri, ki radovedno opazuje in pije to lepoto v sebe\u00ab.<\/p>\n\n\n\n<p>Nekaj dni pred tem je Mateja Kralj v Novi Gorici na festivalu Mesto knjige za dijake izvedla delavnico \u00bbOd konsa do konstruktivisti\u010dne slike\u00ab. Po kraj\u0161em uvodu, v katerem smo spoznali zgodovinsko avantgardo in konstruktivizem v literaturi in likovni umetnosti, so dijaki \u0160olskega centra Sre\u010dka Kosovela in Gimnazije Nova Gorica ustvarjali konstruktivisti\u010dno sliko, lepljenko in kons. Ker nas je v zaklju\u010devanju pregnal de\u017e, smo se zatekli v <a href=\"https:\/\/www.facebook.com\/profile.php?id=61556265402327&amp;__cft__%5b0%5d=AZX8XBwvV6avRQXaGh3ytGlRm8gq8KiRe6b-Ovk0rI5TkAAGgzf11WrI263rWAxxZP4Ps_DQ5WfUyP17-rlnsVtZoeFfwQOBEUEOTGIWAquXodIfsJzg-m5FE-_fhtiureC48479BSLZZqMebfKNz7HeBwQ8YZV7Q2WaQgnQxwtwY0HhcS1vPUjviOd2mIfDnt-dqrIgjHSoTWn6O2HJ7gcKEy90derbmWTXNJuvKIo8yEq4vg1FhLZXbX0dvnQJEKA&amp;__tn__=-%5dK-R\">Knjigarno kavarno Maks<\/a>, kjer so nam prijazno ponudili prostor, da smo dokon\u010dali delo. Delavnica je bila v sodelovanju s Fakulteto za humanistiko Univerze v Novi Gorici napoved naslednje delavnice, ki bo 10. oktobra na dan otvoritve znanstvene konference Avantgarda in konec sveta, ki jo fakulteta prireja ob 100. obletnici prve konstruktivisti\u010dne razstave Avgusta \u010cernigoja.<\/p>\n\n\n\n<p><\/p>\n\n\n\n<p>Utrinki s prihoda literarnega vlaka iz Nove Gorice v Se\u017eano in s pogovora z Ludwigom Hartingerjem in Ale\u0161em Bergerjem.<\/p>\n\n\n\n<figure class=\"is-layout-flex wp-block-gallery-1 wp-block-gallery has-nested-images columns-default is-cropped\">\n<figure class=\"wp-block-image size-large\"><img decoding=\"async\" loading=\"lazy\" width=\"1024\" height=\"359\" data-id=\"1383\"  src=\"http:\/\/lu-sezana.si\/kosovelova-soba\/wp-content\/uploads\/2024\/09\/IMG_2657-1024x359.jpg\" alt=\"\" class=\"wp-image-1383\" srcset=\"http:\/\/lu-sezana.si\/kosovelova-soba\/wp-content\/uploads\/2024\/09\/IMG_2657-980x344.jpg 980w, http:\/\/lu-sezana.si\/kosovelova-soba\/wp-content\/uploads\/2024\/09\/IMG_2657-480x168.jpg 480w\" sizes=\"(min-width: 0px) and (max-width: 480px) 480px, (min-width: 481px) and (max-width: 980px) 980px, (min-width: 981px) 1024px, 100vw\" \/><\/figure>\n\n\n\n<figure class=\"wp-block-image size-large\"><img decoding=\"async\" loading=\"lazy\" width=\"1024\" height=\"768\" data-id=\"1381\"  src=\"http:\/\/lu-sezana.si\/kosovelova-soba\/wp-content\/uploads\/2024\/09\/IMG_2670-1024x768.jpg\" alt=\"\" class=\"wp-image-1381\" srcset=\"http:\/\/lu-sezana.si\/kosovelova-soba\/wp-content\/uploads\/2024\/09\/IMG_2670-1024x768.jpg 1024w, http:\/\/lu-sezana.si\/kosovelova-soba\/wp-content\/uploads\/2024\/09\/IMG_2670-980x735.jpg 980w, http:\/\/lu-sezana.si\/kosovelova-soba\/wp-content\/uploads\/2024\/09\/IMG_2670-480x360.jpg 480w\" sizes=\"(min-width: 0px) and (max-width: 480px) 480px, (min-width: 481px) and (max-width: 980px) 980px, (min-width: 981px) 1024px, 100vw\" \/><\/figure>\n\n\n\n<figure class=\"wp-block-image size-large\"><img decoding=\"async\" loading=\"lazy\" width=\"1024\" height=\"887\" data-id=\"1382\"  src=\"http:\/\/lu-sezana.si\/kosovelova-soba\/wp-content\/uploads\/2024\/09\/IMG_2671-1024x887.jpg\" alt=\"\" class=\"wp-image-1382\" srcset=\"http:\/\/lu-sezana.si\/kosovelova-soba\/wp-content\/uploads\/2024\/09\/IMG_2671-980x849.jpg 980w, http:\/\/lu-sezana.si\/kosovelova-soba\/wp-content\/uploads\/2024\/09\/IMG_2671-480x416.jpg 480w\" sizes=\"(min-width: 0px) and (max-width: 480px) 480px, (min-width: 481px) and (max-width: 980px) 980px, (min-width: 981px) 1024px, 100vw\" \/><\/figure>\n<\/figure>\n\n\n\n<hr class=\"wp-block-separator has-alpha-channel-opacity\"\/>\n\n\n\n<p>Utrinki z delavnice &#8220;Od konsa do konstruktivisti\u010dne slike&#8221;<\/p>\n\n\n\n<figure class=\"is-layout-flex wp-block-gallery-3 wp-block-gallery has-nested-images columns-default is-cropped\">\n<figure class=\"wp-block-image size-large\"><img decoding=\"async\" loading=\"lazy\" width=\"1024\" height=\"634\" data-id=\"1384\"  src=\"http:\/\/lu-sezana.si\/kosovelova-soba\/wp-content\/uploads\/2024\/09\/AIKS_1-1024x634.jpg\" alt=\"\" class=\"wp-image-1384\" srcset=\"http:\/\/lu-sezana.si\/kosovelova-soba\/wp-content\/uploads\/2024\/09\/AIKS_1-980x607.jpg 980w, http:\/\/lu-sezana.si\/kosovelova-soba\/wp-content\/uploads\/2024\/09\/AIKS_1-480x297.jpg 480w\" sizes=\"(min-width: 0px) and (max-width: 480px) 480px, (min-width: 481px) and (max-width: 980px) 980px, (min-width: 981px) 1024px, 100vw\" \/><\/figure>\n\n\n\n<figure class=\"wp-block-image size-large\"><img decoding=\"async\" loading=\"lazy\" width=\"683\" height=\"1024\" data-id=\"1385\"  src=\"http:\/\/lu-sezana.si\/kosovelova-soba\/wp-content\/uploads\/2024\/09\/AIKS_2-683x1024.jpg\" alt=\"\" class=\"wp-image-1385\"\/><figcaption class=\"wp-element-caption\">Foto: Jernej Humar<\/figcaption><\/figure>\n\n\n\n<figure class=\"wp-block-image size-large\"><img decoding=\"async\" loading=\"lazy\" width=\"1024\" height=\"768\" data-id=\"1388\"  src=\"http:\/\/lu-sezana.si\/kosovelova-soba\/wp-content\/uploads\/2024\/09\/AIKS_3-1024x768.jpg\" alt=\"\" class=\"wp-image-1388\" srcset=\"http:\/\/lu-sezana.si\/kosovelova-soba\/wp-content\/uploads\/2024\/09\/AIKS_3-1024x768.jpg 1024w, http:\/\/lu-sezana.si\/kosovelova-soba\/wp-content\/uploads\/2024\/09\/AIKS_3-980x735.jpg 980w, http:\/\/lu-sezana.si\/kosovelova-soba\/wp-content\/uploads\/2024\/09\/AIKS_3-480x360.jpg 480w\" sizes=\"(min-width: 0px) and (max-width: 480px) 480px, (min-width: 481px) and (max-width: 980px) 980px, (min-width: 981px) 1024px, 100vw\" \/><\/figure>\n\n\n\n<figure class=\"wp-block-image size-large\"><img decoding=\"async\" loading=\"lazy\" width=\"1024\" height=\"683\" data-id=\"1387\"  src=\"http:\/\/lu-sezana.si\/kosovelova-soba\/wp-content\/uploads\/2024\/09\/AIKS_4-1024x683.jpg\" alt=\"\" class=\"wp-image-1387\" srcset=\"http:\/\/lu-sezana.si\/kosovelova-soba\/wp-content\/uploads\/2024\/09\/AIKS_4-980x653.jpg 980w, http:\/\/lu-sezana.si\/kosovelova-soba\/wp-content\/uploads\/2024\/09\/AIKS_4-480x320.jpg 480w\" sizes=\"(min-width: 0px) and (max-width: 480px) 480px, (min-width: 481px) and (max-width: 980px) 980px, (min-width: 981px) 1024px, 100vw\" \/><figcaption class=\"wp-element-caption\">Foto: Jernej Humar<\/figcaption><\/figure>\n\n\n\n<figure class=\"wp-block-image size-large\"><img decoding=\"async\" loading=\"lazy\" width=\"1024\" height=\"768\" data-id=\"1389\"  src=\"http:\/\/lu-sezana.si\/kosovelova-soba\/wp-content\/uploads\/2024\/09\/AIKS_5-1024x768.jpg\" alt=\"\" class=\"wp-image-1389\" srcset=\"http:\/\/lu-sezana.si\/kosovelova-soba\/wp-content\/uploads\/2024\/09\/AIKS_5-980x735.jpg 980w, http:\/\/lu-sezana.si\/kosovelova-soba\/wp-content\/uploads\/2024\/09\/AIKS_5-480x360.jpg 480w\" sizes=\"(min-width: 0px) and (max-width: 480px) 480px, (min-width: 481px) and (max-width: 980px) 980px, (min-width: 981px) 1024px, 100vw\" \/><\/figure>\n\n\n\n<figure class=\"wp-block-image size-large\"><img decoding=\"async\" loading=\"lazy\" width=\"1024\" height=\"768\" data-id=\"1386\"  src=\"http:\/\/lu-sezana.si\/kosovelova-soba\/wp-content\/uploads\/2024\/09\/AIKS_6-1024x768.jpg\" alt=\"\" class=\"wp-image-1386\" srcset=\"http:\/\/lu-sezana.si\/kosovelova-soba\/wp-content\/uploads\/2024\/09\/AIKS_6-980x735.jpg 980w, http:\/\/lu-sezana.si\/kosovelova-soba\/wp-content\/uploads\/2024\/09\/AIKS_6-480x360.jpg 480w\" sizes=\"(min-width: 0px) and (max-width: 480px) 480px, (min-width: 481px) and (max-width: 980px) 980px, (min-width: 981px) 1024px, 100vw\" \/><\/figure>\n\n\n\n<figure class=\"wp-block-image size-large\"><img decoding=\"async\" loading=\"lazy\" width=\"1024\" height=\"768\" data-id=\"1391\"  src=\"http:\/\/lu-sezana.si\/kosovelova-soba\/wp-content\/uploads\/2024\/09\/AIKS_7-1024x768.jpg\" alt=\"\" class=\"wp-image-1391\" srcset=\"http:\/\/lu-sezana.si\/kosovelova-soba\/wp-content\/uploads\/2024\/09\/AIKS_7-980x735.jpg 980w, http:\/\/lu-sezana.si\/kosovelova-soba\/wp-content\/uploads\/2024\/09\/AIKS_7-480x360.jpg 480w\" sizes=\"(min-width: 0px) and (max-width: 480px) 480px, (min-width: 481px) and (max-width: 980px) 980px, (min-width: 981px) 1024px, 100vw\" \/><\/figure>\n\n\n\n<figure class=\"wp-block-image size-large\"><img decoding=\"async\" loading=\"lazy\" width=\"768\" height=\"1024\" data-id=\"1390\"  src=\"http:\/\/lu-sezana.si\/kosovelova-soba\/wp-content\/uploads\/2024\/09\/AIKS_8-768x1024.jpg\" alt=\"\" class=\"wp-image-1390\" srcset=\"http:\/\/lu-sezana.si\/kosovelova-soba\/wp-content\/uploads\/2024\/09\/AIKS_8-768x1024.jpg 768w, http:\/\/lu-sezana.si\/kosovelova-soba\/wp-content\/uploads\/2024\/09\/AIKS_8-480x640.jpg 480w\" sizes=\"(min-width: 0px) and (max-width: 480px) 480px, (min-width: 481px) 768px, 100vw\" \/><\/figure>\n<\/figure>\n","protected":false},"excerpt":{"rendered":"<p>Komaj smo vstopili v novo \u0161olsko leto in preden nas je zajela ohladitev, smo u\u017eivali na dveh literarnih festivalih, Mesto knjige v Novi Gorici in Festival Vilenica. Oba festivala sta potekala v prvem tednu meseca septembra in se zaklju\u010dila v soboto, 7. septembra. Na ta dan smo z Literarnim vlakom preko Kosovelove spominske sobe v [&hellip;]<\/p>\n","protected":false},"author":2,"featured_media":1396,"comment_status":"closed","ping_status":"closed","sticky":false,"template":"","format":"standard","meta":{"_et_pb_use_builder":"off","_et_pb_old_content":"","_et_gb_content_width":""},"categories":[2,1],"tags":[67,65,66,68,59,64,12,34],"_links":{"self":[{"href":"https:\/\/lu-sezana.si\/kosovelova-soba\/wp-json\/wp\/v2\/posts\/1379"}],"collection":[{"href":"https:\/\/lu-sezana.si\/kosovelova-soba\/wp-json\/wp\/v2\/posts"}],"about":[{"href":"https:\/\/lu-sezana.si\/kosovelova-soba\/wp-json\/wp\/v2\/types\/post"}],"author":[{"embeddable":true,"href":"https:\/\/lu-sezana.si\/kosovelova-soba\/wp-json\/wp\/v2\/users\/2"}],"replies":[{"embeddable":true,"href":"https:\/\/lu-sezana.si\/kosovelova-soba\/wp-json\/wp\/v2\/comments?post=1379"}],"version-history":[{"count":1,"href":"https:\/\/lu-sezana.si\/kosovelova-soba\/wp-json\/wp\/v2\/posts\/1379\/revisions"}],"predecessor-version":[{"id":1392,"href":"https:\/\/lu-sezana.si\/kosovelova-soba\/wp-json\/wp\/v2\/posts\/1379\/revisions\/1392"}],"wp:featuredmedia":[{"embeddable":true,"href":"https:\/\/lu-sezana.si\/kosovelova-soba\/wp-json\/wp\/v2\/media\/1396"}],"wp:attachment":[{"href":"https:\/\/lu-sezana.si\/kosovelova-soba\/wp-json\/wp\/v2\/media?parent=1379"}],"wp:term":[{"taxonomy":"category","embeddable":true,"href":"https:\/\/lu-sezana.si\/kosovelova-soba\/wp-json\/wp\/v2\/categories?post=1379"},{"taxonomy":"post_tag","embeddable":true,"href":"https:\/\/lu-sezana.si\/kosovelova-soba\/wp-json\/wp\/v2\/tags?post=1379"}],"curies":[{"name":"wp","href":"https:\/\/api.w.org\/{rel}","templated":true}]}}