{"id":1369,"date":"2024-09-10T06:35:43","date_gmt":"2024-09-10T06:35:43","guid":{"rendered":"http:\/\/lu-sezana.si\/kosovelova-soba\/?p=1369"},"modified":"2024-09-10T08:28:51","modified_gmt":"2024-09-10T08:28:51","slug":"v-korak-s-kosovelom-ob-evropskem-tednu-mobilnosti","status":"publish","type":"post","link":"https:\/\/lu-sezana.si\/kosovelova-soba\/v-korak-s-kosovelom-ob-evropskem-tednu-mobilnosti\/","title":{"rendered":"V korak s Kosovelom ob Evropskem tednu mobilnosti"},"content":{"rendered":"\n<p><strong>DELAVNICA ZA STAREJ\u0160E \u2013 OSTANIMO AKTIVNI:&nbsp; <\/strong><strong>V KORAK S KOSOVELOM<\/strong><\/p>\n\n\n\n<p>Z namenom spodbujanja trajnostne mobilnosti in \u00a0ohranjanja aktivnosti ob\u010danov bomo v sodelovanju z Ob\u010dino Se\u017eana in Kosovelovim domom Se\u017eana<\/p>\n\n\n\n<p><strong>v sredo,<\/strong> <strong>18. 09. 2024 ob 09.00<\/strong>\u00a0 organizirali <strong>brezpla\u010den voden pohod po Se\u017eani<\/strong> namenjam starej\u0161im. \u00a0\u00a0<\/p>\n\n\n\n<p><strong>Dobimo se na \u017eelezni\u0161ki postaji Se\u017eana<\/strong>.<\/p>\n\n\n\n<p>Na vodenem sprehodu od se\u017eanske \u017eelezni\u0161ke postaje do Kosovelove spominske sobe preko vizualnih dra\u017eljajev Kosovelovega rojstnega kraja spoznavamo pesnikovo \u017eivljenje in bogato literarno zapu\u0161\u010dino, beremo njegovo poezijo in i\u0161\u010demo sledi, ki jih je Sre\u010dko pustil v ustvarjanju drugih. Na poti zbiramo vtise mesta in sestavljamo zgodbo pesnikovega \u017eivljenja ter njegovega literarnega ustvarjanja. Sprehod zaklju\u010dimo z ogledom Kosovelove spominske sobe.<\/p>\n\n\n\n<p>Na sprehodu se lahko udele\u017eenci aktivno vklju\u010dujejo v razpravo in spotoma pridobivajo dele sestavljanke, ki jo na koncu v Kosovelovi spominski sobi sestavijo v izviren spominek.<\/p>\n\n\n\n<p><strong>\u0160tevilo udele\u017eencev je omenjeno. Obvezne prijave so mogo\u010de do torka, &nbsp;17. septembra 2024 oz. do zapolnitve mest na&nbsp;<\/strong><a href=\"mailto:mateja.kralj@lu-sezana.si\">mateja.kralj@lu-sezana.si<\/a> <strong>&nbsp;ali 051 364 668.<\/strong><\/p>\n\n\n\n<hr class=\"wp-block-separator has-alpha-channel-opacity\"\/>\n\n\n\n<p>Evropski teden mobilnosti (ETM) bo kot vedno potekal med 16. in 22. septembrom in letos ponovno tudi v ob\u010dini Se\u017eana. Vseevropska pobuda bo znova spodbujala k spreminjanju potovalnih navad v bolj trajnostne, tokrat s poudarkom na urejanju javnih prostorov za vse uporabnike, predvsem na ra\u010dun prostora, ki ga danes zasedajo avtomobili.<\/p>\n\n\n\n<p>Za aktivnosti v okviru leto\u0161njega ETM je Ob\u010dina Se\u017eana pridobila finan\u010dna sredstva v vi\u0161ini 10.000 EUR s strani Ministrstva za okolje, podnebje in energijo iz sklada za podnebne spremembe. V sodelovanju z lokalnimi partnerji \u2013 Osnovno \u0161olo Sre\u010dka Kosovela Se\u017eana, ORA Krasa in Brkinov, Klubom \u0161tudentov Se\u017eana, Ljudsko univerzo Se\u017eana in Kra\u0161ko kolesarsko klapo \u2013 pripravili pester program.<\/p>\n\n\n\n<p>S ciljem aktivacije ob\u010danov k ve\u010dji uporabi trajnostnih oblik premikanja se bo za razli\u010dne generacije izvedlo ve\u010d dogodkov, ki bodo spodbujali hojo, kolesarjenje, varnej\u0161e ureditve \u0161olske ulice in prevoze na zahtevo.<\/p>\n\n\n\n<p>Informacije o ostalih dogodkih dobite na <a href=\"https:\/\/www.sezana.si\/objava\/974012\">povezavi<\/a>. <\/p>\n\n\n\n<figure class=\"wp-block-image size-full\"><img decoding=\"async\" loading=\"lazy\" width=\"828\" height=\"316\" src=\"http:\/\/lu-sezana.si\/kosovelova-soba\/wp-content\/uploads\/2024\/09\/EvrTedenMobilnosti2024.png\" alt=\"\" class=\"wp-image-1372\" srcset=\"http:\/\/lu-sezana.si\/kosovelova-soba\/wp-content\/uploads\/2024\/09\/EvrTedenMobilnosti2024.png 828w, http:\/\/lu-sezana.si\/kosovelova-soba\/wp-content\/uploads\/2024\/09\/EvrTedenMobilnosti2024-480x183.png 480w\" sizes=\"(min-width: 0px) and (max-width: 480px) 480px, (min-width: 481px) 828px, 100vw\" \/><\/figure>\n","protected":false},"excerpt":{"rendered":"<p>DELAVNICA ZA STAREJ\u0160E \u2013 OSTANIMO AKTIVNI:&nbsp; V KORAK S KOSOVELOM Z namenom spodbujanja trajnostne mobilnosti in \u00a0ohranjanja aktivnosti ob\u010danov bomo v sodelovanju z Ob\u010dino Se\u017eana in Kosovelovim domom Se\u017eana v sredo, 18. 09. 2024 ob 09.00\u00a0 organizirali brezpla\u010den voden pohod po Se\u017eani namenjam starej\u0161im. \u00a0\u00a0 Dobimo se na \u017eelezni\u0161ki postaji Se\u017eana. Na vodenem sprehodu od [&hellip;]<\/p>\n","protected":false},"author":2,"featured_media":1371,"comment_status":"closed","ping_status":"closed","sticky":false,"template":"","format":"standard","meta":{"_et_pb_use_builder":"off","_et_pb_old_content":"","_et_gb_content_width":""},"categories":[2,1],"tags":[13,20,12,34],"_links":{"self":[{"href":"https:\/\/lu-sezana.si\/kosovelova-soba\/wp-json\/wp\/v2\/posts\/1369"}],"collection":[{"href":"https:\/\/lu-sezana.si\/kosovelova-soba\/wp-json\/wp\/v2\/posts"}],"about":[{"href":"https:\/\/lu-sezana.si\/kosovelova-soba\/wp-json\/wp\/v2\/types\/post"}],"author":[{"embeddable":true,"href":"https:\/\/lu-sezana.si\/kosovelova-soba\/wp-json\/wp\/v2\/users\/2"}],"replies":[{"embeddable":true,"href":"https:\/\/lu-sezana.si\/kosovelova-soba\/wp-json\/wp\/v2\/comments?post=1369"}],"version-history":[{"count":5,"href":"https:\/\/lu-sezana.si\/kosovelova-soba\/wp-json\/wp\/v2\/posts\/1369\/revisions"}],"predecessor-version":[{"id":1378,"href":"https:\/\/lu-sezana.si\/kosovelova-soba\/wp-json\/wp\/v2\/posts\/1369\/revisions\/1378"}],"wp:featuredmedia":[{"embeddable":true,"href":"https:\/\/lu-sezana.si\/kosovelova-soba\/wp-json\/wp\/v2\/media\/1371"}],"wp:attachment":[{"href":"https:\/\/lu-sezana.si\/kosovelova-soba\/wp-json\/wp\/v2\/media?parent=1369"}],"wp:term":[{"taxonomy":"category","embeddable":true,"href":"https:\/\/lu-sezana.si\/kosovelova-soba\/wp-json\/wp\/v2\/categories?post=1369"},{"taxonomy":"post_tag","embeddable":true,"href":"https:\/\/lu-sezana.si\/kosovelova-soba\/wp-json\/wp\/v2\/tags?post=1369"}],"curies":[{"name":"wp","href":"https:\/\/api.w.org\/{rel}","templated":true}]}}