{"id":1264,"date":"2024-02-19T14:31:22","date_gmt":"2024-02-19T14:31:22","guid":{"rendered":"http:\/\/lu-sezana.si\/kosovelova-soba\/?p=1264"},"modified":"2024-02-19T14:31:28","modified_gmt":"2024-02-19T14:31:28","slug":"performans-s-poezijo-vladimirja-majakovskega","status":"publish","type":"post","link":"https:\/\/lu-sezana.si\/kosovelova-soba\/performans-s-poezijo-vladimirja-majakovskega\/","title":{"rendered":"Performans s poezijo Vladimirja Majakovskega"},"content":{"rendered":"\n<p class=\"has-small-font-size\"><strong>Vladimir, ustavi se&#8230;.&nbsp;<\/strong><\/p>\n\n\n\n<p class=\"has-small-font-size\">Miklav\u017e Komelj in Lado Jak\u0161a bosta s pesni\u0161ko-glasbeno-vizualnim performansom, ki zdru\u017euje recitacijo poezije Majakovskega v Komeljevih prevodih in v \u017eivo izvajano Jak\u0161evo\u00a0avtorsko glasbo ter njegove multivizije, ustvarila priklicevanje \u017eive navzo\u010dnosti pesnika, ki je s svojo poezijo in s svojim \u017eivljenjem poosebil tragi\u010dne notranje napetosti sovjetske revolucije. Spoznali bomo razli\u010dne vidike njegove poezije, od zgodnjega futuristi\u010dnega obdobja do verzov, ki so jih po njegovi smrti na\u0161li v njegovi bele\u017enici. Miklav\u017e Komelj nas bo v uvodnem nagovoru uvedel v zgodovinsko usodo te poezije tudi preko Sre\u010dka Kosovela in slovenske partizanske revolucije. Glasba in fotografija Lada Jak\u0161e pa dramatur\u0161ko nadgrajuje dialog z ve\u010d kot aktualno prezenco besedil Vladimirja Majakovskega, ki tudi po 100 letih kriti\u010dno nagovarja dana\u0161nji \u010das.<\/p>\n\n\n\n<p class=\"has-small-font-size\"><strong>Ne ustavlja se&#8230;<\/strong><\/p>\n\n\n\n<p><\/p>\n\n\n\n<p>Interni dogodek za dijake \u0160olskega centra Sre\u010dka Kosovela Se\u017eana bo v <strong>petek, 1. marca 2024 ob 12.30<\/strong> v Kosovelovi spominski sobi. <\/p>\n","protected":false},"excerpt":{"rendered":"<p>Vladimir, ustavi se&#8230;.&nbsp; Miklav\u017e Komelj in Lado Jak\u0161a bosta s pesni\u0161ko-glasbeno-vizualnim performansom, ki zdru\u017euje recitacijo poezije Majakovskega v Komeljevih prevodih in v \u017eivo izvajano Jak\u0161evo\u00a0avtorsko glasbo ter njegove multivizije, ustvarila priklicevanje \u017eive navzo\u010dnosti pesnika, ki je s svojo poezijo in s svojim \u017eivljenjem poosebil tragi\u010dne notranje napetosti sovjetske revolucije. Spoznali bomo razli\u010dne vidike njegove poezije, [&hellip;]<\/p>\n","protected":false},"author":2,"featured_media":1265,"comment_status":"closed","ping_status":"closed","sticky":false,"template":"","format":"standard","meta":{"_et_pb_use_builder":"off","_et_pb_old_content":"","_et_gb_content_width":"1080"},"categories":[2,1],"tags":[21,49,48,46,20,12,47],"_links":{"self":[{"href":"https:\/\/lu-sezana.si\/kosovelova-soba\/wp-json\/wp\/v2\/posts\/1264"}],"collection":[{"href":"https:\/\/lu-sezana.si\/kosovelova-soba\/wp-json\/wp\/v2\/posts"}],"about":[{"href":"https:\/\/lu-sezana.si\/kosovelova-soba\/wp-json\/wp\/v2\/types\/post"}],"author":[{"embeddable":true,"href":"https:\/\/lu-sezana.si\/kosovelova-soba\/wp-json\/wp\/v2\/users\/2"}],"replies":[{"embeddable":true,"href":"https:\/\/lu-sezana.si\/kosovelova-soba\/wp-json\/wp\/v2\/comments?post=1264"}],"version-history":[{"count":1,"href":"https:\/\/lu-sezana.si\/kosovelova-soba\/wp-json\/wp\/v2\/posts\/1264\/revisions"}],"predecessor-version":[{"id":1266,"href":"https:\/\/lu-sezana.si\/kosovelova-soba\/wp-json\/wp\/v2\/posts\/1264\/revisions\/1266"}],"wp:featuredmedia":[{"embeddable":true,"href":"https:\/\/lu-sezana.si\/kosovelova-soba\/wp-json\/wp\/v2\/media\/1265"}],"wp:attachment":[{"href":"https:\/\/lu-sezana.si\/kosovelova-soba\/wp-json\/wp\/v2\/media?parent=1264"}],"wp:term":[{"taxonomy":"category","embeddable":true,"href":"https:\/\/lu-sezana.si\/kosovelova-soba\/wp-json\/wp\/v2\/categories?post=1264"},{"taxonomy":"post_tag","embeddable":true,"href":"https:\/\/lu-sezana.si\/kosovelova-soba\/wp-json\/wp\/v2\/tags?post=1264"}],"curies":[{"name":"wp","href":"https:\/\/api.w.org\/{rel}","templated":true}]}}