{"id":1259,"date":"2023-11-22T12:51:37","date_gmt":"2023-11-22T12:51:37","guid":{"rendered":"http:\/\/lu-sezana.si\/kosovelova-soba\/?p=1259"},"modified":"2023-11-22T12:54:00","modified_gmt":"2023-11-22T12:54:00","slug":"poziv-k-prijavi-projektov-ob-100-letnici-smrti-srecka-kosovela-v-letu-2026","status":"publish","type":"post","link":"https:\/\/lu-sezana.si\/kosovelova-soba\/poziv-k-prijavi-projektov-ob-100-letnici-smrti-srecka-kosovela-v-letu-2026\/","title":{"rendered":"Poziv k prijavi projektov ob 100-letnici smrti Sre\u010dka Kosovela v letu 2026"},"content":{"rendered":"\n<p class=\"has-medium-font-size\"><strong>KOSOVELOVO LETO 2026<\/strong><\/p>\n\n\n\n<p class=\"has-medium-font-size\">Poziv k prijavi projektov ob 100-letnici smrti Sre\u010dka Kosovela v letu 2026.<\/p>\n\n\n\n<p>Odbor za pripravo prireditev ob 100-letnici smrti Sre\u010dka Kosovela, ki ga sestavljajo predstavniki javnih zavodov s podro\u010dja kulture, \u0161ol, literarnih dru\u0161tev, OI JSKD Se\u017eana, Ob\u010dine Se\u017eana in Ore Krasa in Brkinov, poziva vse zainteresirane posameznike in organizacije (dru\u0161tva, \u0161ole, javne zavode idr.) iz ob\u010dine Se\u017eana k prijavi projektov (kulturne prireditve, \u0161portne prireditve, izdaje publikacij in njihove predstavitve, izvirne skladbe in uglasbitve besedil Sre\u010dka Kosovela, posveti, delavnice, razstave idr.), ki jih nameravajo izvesti leta 2026 v okviru obele\u017eevanja 100-letnice smrti Sre\u010dka Kosovela.<\/p>\n\n\n\n<p>Priporo\u010deno obdobje izvedbe prireditev je od 14. marca do 31. maja 2026, so pa lahko razporejene \u010dez celotno leto 2026.<\/p>\n\n\n\n<p><strong>Prijava naj vsebuje:<\/strong><\/p>\n\n\n\n<p>&#8211; Podatke o prireditelju oz. glavnem prireditelju, \u010de sodelujejo tudi soprireditelji (ime in priimek oz. ime organizacije ter naslov).<\/p>\n\n\n\n<p>&#8211; Podatke za stik s prirediteljem (e-naslov, telefonsko \u0161tevilko; \u010de gre za organizacijo, tudi ime in priimek osebe, odgovorna za izvedbo prireditve).<\/p>\n\n\n\n<p>&#8211; Naslov prireditve.<\/p>\n\n\n\n<p>&#8211; Kraj in prostor prireditve.<\/p>\n\n\n\n<p>&#8211; Dan, datum in uro prireditve (lahko samo na\u010drtovani mesec izvedbe).<\/p>\n\n\n\n<p>&#8211; Opis prireditve (vsebinska zasnova, nastopajo\u010di \u2026).<\/p>\n\n\n\n<p>&#8211; Finan\u010dno oceno izvedbe prireditve s predvidenimi prihodki in odhodki.<\/p>\n\n\n\n<p>Prijave po\u0161ljite kot priponko v Wordu na e-naslov koordinatorja prireditev Davida Ter\u010dona \u2013 david.tercon@siol.net \u2013 <strong>najkasneje do nedelje, 31. decembra 2023<\/strong>; pri koordinatorju lahko na tel. \u0161t. 041 566 707 dobite vsa morebitna pojasnila in informacije.<\/p>\n\n\n\n<p>Odbor zbira prijave z namenom uvrstitve prireditev med dogodke v okviru na\u010drtovane razglasitve leta 2026 za Kosovelovo leto in prijave prireditev na prihajajo\u010de razpise, ki bodo ponujali mo\u017enost sofinanciranja Kosovelovega leta.<\/p>\n\n\n\n<p>Veselimo se skupnega sodelovanja.<\/p>\n","protected":false},"excerpt":{"rendered":"<p>KOSOVELOVO LETO 2026 Poziv k prijavi projektov ob 100-letnici smrti Sre\u010dka Kosovela v letu 2026. Odbor za pripravo prireditev ob 100-letnici smrti Sre\u010dka Kosovela, ki ga sestavljajo predstavniki javnih zavodov s podro\u010dja kulture, \u0161ol, literarnih dru\u0161tev, OI JSKD Se\u017eana, Ob\u010dine Se\u017eana in Ore Krasa in Brkinov, poziva vse zainteresirane posameznike in organizacije (dru\u0161tva, \u0161ole, javne [&hellip;]<\/p>\n","protected":false},"author":2,"featured_media":1260,"comment_status":"closed","ping_status":"closed","sticky":false,"template":"","format":"standard","meta":{"_et_pb_use_builder":"off","_et_pb_old_content":"","_et_gb_content_width":"1080"},"categories":[2,1],"tags":[44,42,24,43,45,12],"_links":{"self":[{"href":"https:\/\/lu-sezana.si\/kosovelova-soba\/wp-json\/wp\/v2\/posts\/1259"}],"collection":[{"href":"https:\/\/lu-sezana.si\/kosovelova-soba\/wp-json\/wp\/v2\/posts"}],"about":[{"href":"https:\/\/lu-sezana.si\/kosovelova-soba\/wp-json\/wp\/v2\/types\/post"}],"author":[{"embeddable":true,"href":"https:\/\/lu-sezana.si\/kosovelova-soba\/wp-json\/wp\/v2\/users\/2"}],"replies":[{"embeddable":true,"href":"https:\/\/lu-sezana.si\/kosovelova-soba\/wp-json\/wp\/v2\/comments?post=1259"}],"version-history":[{"count":1,"href":"https:\/\/lu-sezana.si\/kosovelova-soba\/wp-json\/wp\/v2\/posts\/1259\/revisions"}],"predecessor-version":[{"id":1261,"href":"https:\/\/lu-sezana.si\/kosovelova-soba\/wp-json\/wp\/v2\/posts\/1259\/revisions\/1261"}],"wp:featuredmedia":[{"embeddable":true,"href":"https:\/\/lu-sezana.si\/kosovelova-soba\/wp-json\/wp\/v2\/media\/1260"}],"wp:attachment":[{"href":"https:\/\/lu-sezana.si\/kosovelova-soba\/wp-json\/wp\/v2\/media?parent=1259"}],"wp:term":[{"taxonomy":"category","embeddable":true,"href":"https:\/\/lu-sezana.si\/kosovelova-soba\/wp-json\/wp\/v2\/categories?post=1259"},{"taxonomy":"post_tag","embeddable":true,"href":"https:\/\/lu-sezana.si\/kosovelova-soba\/wp-json\/wp\/v2\/tags?post=1259"}],"curies":[{"name":"wp","href":"https:\/\/api.w.org\/{rel}","templated":true}]}}