{"id":1251,"date":"2023-10-13T11:38:27","date_gmt":"2023-10-13T11:38:27","guid":{"rendered":"https:\/\/lu-sezana.si\/kosovelova-soba\/?p=1251"},"modified":"2023-10-13T11:43:02","modified_gmt":"2023-10-13T11:43:02","slug":"v-korak-s-kosovelom-na-regionalnem-kulturnem-bazarju-v-kopru","status":"publish","type":"post","link":"https:\/\/lu-sezana.si\/kosovelova-soba\/v-korak-s-kosovelom-na-regionalnem-kulturnem-bazarju-v-kopru\/","title":{"rendered":"V korak s Kosovelom na regionalnem Kulturnem bazarju v Kopru"},"content":{"rendered":"\n<p>V petek, 12. oktobra 2023, je v Kopru potekalo celodnevno strokovno usposabljanje <a href=\"https:\/\/kulturnibazar.si\/\" data-type=\"URL\" data-id=\"https:\/\/kulturnibazar.si\/\">Kulturni bazar<\/a> v regiji 2023, kjer so kulturne ustanove iz \u0161ir\u0161e primorske regije in tudi iz vse Slovenije predstavljale svojo bogato ponudbo kulturnovzgojnih programov, projektov, dejavnosti in drugih vsebin. Na razli\u010dnih lokacijah v Kopru so se odvijale \u0161tevilne delavnice, predavanja in okrogle mize na temo kulturno-umetnostne vzgoje, varstva kulturne dedi\u0161\u010dine, literature, filma, gledali\u0161ke improvizacije, kostumografije, pedagogike, muzealstva, nare\u010dne besede, dvojezi\u010dnosti in \u0161e mnogo drugega.<\/p>\n\n\n\n<p>Tudi Kosovelova soba \u2013 Ljudska univerza Se\u017eana je skupaj s partnerjema na projektu Kosovelovim domom Se\u017eana in Dru\u0161tvom Konstruktivist v Pokrajinskem muzeju Koper sodelovala pri predstavitvi primerov dobrih praks literarnih poti. Na interaktivni predstavitvi urbanega literarnega sprehoda <em><a href=\"https:\/\/lu-sezana.si\/kosovelova-soba\/v-korak-s-kosovelom\/\" data-type=\"URL\" data-id=\"https:\/\/lu-sezana.si\/kosovelova-soba\/v-korak-s-kosovelom\/\">V korak s Kosovelom<\/a><\/em>, ki smo ga partnerji razvili leta 2021, sta Mateja Kralj in Nives Zadel udele\u017eenke povabile, da svoje u\u010dence pripeljejo v Se\u017eano na sprehod.<\/p>\n\n\n\n<p>Predstavitve literarnih poti <em>V korak s Kosovelom<\/em>, <em>Pravlji\u010dna pot Rovka \u010crkolovka, Mitski park Rodik <\/em>in<em> Literarna pot Alojza Kocjan\u010di\u010da<\/em> so dokaz, da lahko na\u0161o bogato kulturno dedi\u0161\u010dino spoznavamo na zanimiv, inovativen, zabaven in pou\u010den na\u010din.<\/p>\n\n\n\n<p>Kulturni bazar se je sklenili s plesno gledali\u0161ko predstavo Dnevnik Ane Frank.<\/p>\n\n\n\n<figure class=\"wp-block-image size-large\"><img decoding=\"async\" loading=\"lazy\" width=\"1024\" height=\"804\" src=\"https:\/\/lu-sezana.si\/kosovelova-soba\/wp-content\/uploads\/2023\/10\/Foto_V-korak-s-Kosovelom-2-1024x804.jpg\" alt=\"\" class=\"wp-image-1254\" srcset=\"https:\/\/lu-sezana.si\/kosovelova-soba\/wp-content\/uploads\/2023\/10\/Foto_V-korak-s-Kosovelom-2-980x770.jpg 980w, https:\/\/lu-sezana.si\/kosovelova-soba\/wp-content\/uploads\/2023\/10\/Foto_V-korak-s-Kosovelom-2-480x377.jpg 480w\" sizes=\"(min-width: 0px) and (max-width: 480px) 480px, (min-width: 481px) and (max-width: 980px) 980px, (min-width: 981px) 1024px, 100vw\" \/><\/figure>\n","protected":false},"excerpt":{"rendered":"<p>V petek, 12. oktobra 2023, je v Kopru potekalo celodnevno strokovno usposabljanje Kulturni bazar v regiji 2023, kjer so kulturne ustanove iz \u0161ir\u0161e primorske regije in tudi iz vse Slovenije predstavljale svojo bogato ponudbo kulturnovzgojnih programov, projektov, dejavnosti in drugih vsebin. Na razli\u010dnih lokacijah v Kopru so se odvijale \u0161tevilne delavnice, predavanja in okrogle mize [&hellip;]<\/p>\n","protected":false},"author":2,"featured_media":1252,"comment_status":"closed","ping_status":"closed","sticky":false,"template":"","format":"standard","meta":{"_et_pb_use_builder":"off","_et_pb_old_content":"","_et_gb_content_width":"1080"},"categories":[2],"tags":[39,41,40,37,38,35,12,34],"_links":{"self":[{"href":"https:\/\/lu-sezana.si\/kosovelova-soba\/wp-json\/wp\/v2\/posts\/1251"}],"collection":[{"href":"https:\/\/lu-sezana.si\/kosovelova-soba\/wp-json\/wp\/v2\/posts"}],"about":[{"href":"https:\/\/lu-sezana.si\/kosovelova-soba\/wp-json\/wp\/v2\/types\/post"}],"author":[{"embeddable":true,"href":"https:\/\/lu-sezana.si\/kosovelova-soba\/wp-json\/wp\/v2\/users\/2"}],"replies":[{"embeddable":true,"href":"https:\/\/lu-sezana.si\/kosovelova-soba\/wp-json\/wp\/v2\/comments?post=1251"}],"version-history":[{"count":3,"href":"https:\/\/lu-sezana.si\/kosovelova-soba\/wp-json\/wp\/v2\/posts\/1251\/revisions"}],"predecessor-version":[{"id":1257,"href":"https:\/\/lu-sezana.si\/kosovelova-soba\/wp-json\/wp\/v2\/posts\/1251\/revisions\/1257"}],"wp:featuredmedia":[{"embeddable":true,"href":"https:\/\/lu-sezana.si\/kosovelova-soba\/wp-json\/wp\/v2\/media\/1252"}],"wp:attachment":[{"href":"https:\/\/lu-sezana.si\/kosovelova-soba\/wp-json\/wp\/v2\/media?parent=1251"}],"wp:term":[{"taxonomy":"category","embeddable":true,"href":"https:\/\/lu-sezana.si\/kosovelova-soba\/wp-json\/wp\/v2\/categories?post=1251"},{"taxonomy":"post_tag","embeddable":true,"href":"https:\/\/lu-sezana.si\/kosovelova-soba\/wp-json\/wp\/v2\/tags?post=1251"}],"curies":[{"name":"wp","href":"https:\/\/api.w.org\/{rel}","templated":true}]}}