{"id":1224,"date":"2023-06-09T09:32:01","date_gmt":"2023-06-09T09:32:01","guid":{"rendered":"http:\/\/lu-sezana.si\/kosovelova-soba\/?p=1224"},"modified":"2023-08-08T09:48:20","modified_gmt":"2023-08-08T09:48:20","slug":"v-korak-s-kosovelom-17-junij-23-ob-18-00","status":"publish","type":"post","link":"https:\/\/lu-sezana.si\/kosovelova-soba\/v-korak-s-kosovelom-17-junij-23-ob-18-00\/","title":{"rendered":"V korak s Kosovelom &#8211; 19. avgust 2023 ob 18.00"},"content":{"rendered":"\n<p>Vabljeni na urbani literarni sprehod, ki bo v soboto, 19. avgusta 2023, s pri\u010detkom ob 18.00. Dobimo se na \u017eelezni\u0161ki postaji v Se\u017eani.<\/p>\n\n\n\n<p>Na vodenem urbanem literarnem sprehodu bomo od se\u017eanske \u017eelezni\u0161ke postaje do Kosovelove spominske sobe preko vizualnih dra\u017eljajev rojstnega kraja Sre\u010dka Kosovela odkrivali pesnikovo \u017eivljenje, njegovo bogato literarno zapu\u0161\u010dino, brali poezijo in iskali sledi, ki jih je pustil v ustvarjanju drugih.<br>Na poti bomo zbirali vtise o mestu ter sestavljali zgodbo pesnikovega \u017eivljenja in literarnega ustvarjanja. Na poti udele\u017eenci prejmejo spominek, ki ga je sofinancirala Ob\u010dina Se\u017eana.<br>Gre za skupni projekt Kosovelove spominske sobe \u2013 Ljudske univerze Se\u017eana, Kosovelovega doma Se\u017eana in Dru\u0161tva Konstruktivist. Vodi: Mateja Kralj.<br><\/p>\n\n\n\n<p>OSNOVNI PODATKI LITERARNEGA SPREHODA<br>Trajanje: 2 uri. Razdalja oz. prehojena pot: 2 km. Jezik: sloven\u0161\u010dina. Zbirno mesto: \u017eelezni\u0161ka postaja Se\u017eana. Kon\u010dni postanek: Kosovelova spominska soba. Ocenjena primerna starost: 10+.<\/p>\n\n\n\n<p>Vstopnina:<br>\u2022 redna cena dogodka:15 \u20ac\/osebo,<br>\u2022 cena z dodatnim popustom za ob\u010dane ob\u010dine Se\u017eana: 6 \u20ac\/osebo (ob prazniku ob\u010dine Se\u017eana),<br>\u2022 cena s popustom za dru\u017eine: za 3-\u010dlansko dru\u017eino je cena vstopnice 30 EUR, za vsakega nadaljnjega otroka pa se pla\u010da 10 \u20ac.<br>Cene vklju\u010dujejo DDV.<\/p>\n\n\n\n<p>Opomba: Sprehod se bo izvedel ob pogoju, da bo prijavljenih vsaj 6 udele\u017eencev.<\/p>\n\n\n\n<p>Prijave zbira Kosovelov dom Se\u017eana prek e-naslova <strong>info@kosovelovdom.si<\/strong>.<\/p>\n","protected":false},"excerpt":{"rendered":"<p>Vabljeni na urbani literarni sprehod, ki bo v soboto, 19. avgusta 2023, s pri\u010detkom ob 18.00. Dobimo se na \u017eelezni\u0161ki postaji v Se\u017eani. Na vodenem urbanem literarnem sprehodu bomo od se\u017eanske \u017eelezni\u0161ke postaje do Kosovelove spominske sobe preko vizualnih dra\u017eljajev rojstnega kraja Sre\u010dka Kosovela odkrivali pesnikovo \u017eivljenje, njegovo bogato literarno zapu\u0161\u010dino, brali poezijo in iskali [&hellip;]<\/p>\n","protected":false},"author":2,"featured_media":1227,"comment_status":"closed","ping_status":"closed","sticky":false,"template":"","format":"standard","meta":{"_et_pb_use_builder":"off","_et_pb_old_content":"","_et_gb_content_width":"1080"},"categories":[2],"tags":[36,13,33,35,20,12,34],"_links":{"self":[{"href":"https:\/\/lu-sezana.si\/kosovelova-soba\/wp-json\/wp\/v2\/posts\/1224"}],"collection":[{"href":"https:\/\/lu-sezana.si\/kosovelova-soba\/wp-json\/wp\/v2\/posts"}],"about":[{"href":"https:\/\/lu-sezana.si\/kosovelova-soba\/wp-json\/wp\/v2\/types\/post"}],"author":[{"embeddable":true,"href":"https:\/\/lu-sezana.si\/kosovelova-soba\/wp-json\/wp\/v2\/users\/2"}],"replies":[{"embeddable":true,"href":"https:\/\/lu-sezana.si\/kosovelova-soba\/wp-json\/wp\/v2\/comments?post=1224"}],"version-history":[{"count":3,"href":"https:\/\/lu-sezana.si\/kosovelova-soba\/wp-json\/wp\/v2\/posts\/1224\/revisions"}],"predecessor-version":[{"id":1239,"href":"https:\/\/lu-sezana.si\/kosovelova-soba\/wp-json\/wp\/v2\/posts\/1224\/revisions\/1239"}],"wp:featuredmedia":[{"embeddable":true,"href":"https:\/\/lu-sezana.si\/kosovelova-soba\/wp-json\/wp\/v2\/media\/1227"}],"wp:attachment":[{"href":"https:\/\/lu-sezana.si\/kosovelova-soba\/wp-json\/wp\/v2\/media?parent=1224"}],"wp:term":[{"taxonomy":"category","embeddable":true,"href":"https:\/\/lu-sezana.si\/kosovelova-soba\/wp-json\/wp\/v2\/categories?post=1224"},{"taxonomy":"post_tag","embeddable":true,"href":"https:\/\/lu-sezana.si\/kosovelova-soba\/wp-json\/wp\/v2\/tags?post=1224"}],"curies":[{"name":"wp","href":"https:\/\/api.w.org\/{rel}","templated":true}]}}