{"id":1157,"date":"2023-05-29T08:24:00","date_gmt":"2023-05-29T08:24:00","guid":{"rendered":"http:\/\/lu-sezana.si\/kosovelova-soba\/?p=1157"},"modified":"2023-05-29T08:31:00","modified_gmt":"2023-05-29T08:31:00","slug":"kosovel-na-ulici-2","status":"publish","type":"post","link":"https:\/\/lu-sezana.si\/kosovelova-soba\/kosovel-na-ulici-2\/","title":{"rendered":"Kosovel NA ULICI"},"content":{"rendered":"\n<p>Dan pred 97. obletnico smrti Sre\u010dka Kosovela smo zdru\u017eili mo\u010di in skupaj izpeljali barvit kola\u017e uli\u010dnega dogajanja v sredi\u0161\u010du Se\u017eane in pred Kosovelovim domom. Kosovelova spominska soba \u2013 Ljudska univerza Se\u017eana in Kosovelov dom Se\u017eana sta v sodelovanju s \u0160olskim centrom in Osnovno \u0161olo Sre\u010dka Kosovela Se\u017eana, Dru\u0161tvom Konstruktivist in mladinskim centrom Podlaga organizirali uli\u010dno intervencijo Kosovel na ulici.<\/p>\n\n\n\n<p>Dogajanje se je za\u010delo v dopoldanskem \u010dasu na plo\u010dniku pri tr\u017enici, kjer so si lahko mimoido\u010di, ki so se skozi sredi\u0161\u010de Se\u017eane odpravili po razli\u010dnih opravkih ali kar tako na sprehod, na poeti\u010dni ma\u0161ini Pesmomatu za kovanec natisnili pesem in si tako polep\u0161ali dan. Vsakdanjik smo jim polep\u0161ali tudi s slikanjem v \u017eivo ter branjem poezije v sloven\u0161\u010dini in drugih jezikih. Na ulici so ustvarjali slikar Simon Kastelic, ter u\u010denci in dijaki se\u017eanskih \u0161ol. Dogajanje so soustvarjali tudi \u0161tevilni dijaki, \u0161tudenti in profesorji iz \u0160panije, Portugalske, Romunije in Cipra, ki jih gostijo na se\u017eanskem \u0160olskem centru. Nastale so zanimive slike, frota\u017ei, grafiti in kola\u017ei.<\/p>\n\n\n\n<p>V drugem delu se je dogajanje preselilo pred Kosovelov dom, kjer so dijaki \u0160olskega centra Sre\u010dka Kosovela Se\u017eana \u2013 program aran\u017eerski tehnik navdu\u0161ili z modno revijo, s katero so tudi zaklju\u010dili praznovanje 15. obletnice aran\u017eerstva v Se\u017eani.<\/p>\n\n\n\n<p>\u010cudovit pomladni dan nas je zdru\u017eil v praznovanju poezije in umetni\u0161kega ustvarjanja. Mladi ustvarjalci so dokazali, da v sebi skrivajo mnoge \u010dudovite talente in velik ustvarjalni potencial.<\/p>\n\n\n\n<figure class=\"is-layout-flex wp-block-gallery-1 wp-block-gallery has-nested-images columns-default is-cropped\">\n<figure class=\"wp-block-image size-large\"><img decoding=\"async\" loading=\"lazy\" width=\"1024\" height=\"820\" data-id=\"1179\"  src=\"http:\/\/lu-sezana.si\/kosovelova-soba\/wp-content\/uploads\/2023\/05\/Kosovelova-soba_Kosovel-na-ulici_Pesmomat3_b-2-1024x820.jpg\" alt=\"\" class=\"wp-image-1179\" srcset=\"http:\/\/lu-sezana.si\/kosovelova-soba\/wp-content\/uploads\/2023\/05\/Kosovelova-soba_Kosovel-na-ulici_Pesmomat3_b-2-980x785.jpg 980w, http:\/\/lu-sezana.si\/kosovelova-soba\/wp-content\/uploads\/2023\/05\/Kosovelova-soba_Kosovel-na-ulici_Pesmomat3_b-2-480x384.jpg 480w\" sizes=\"(min-width: 0px) and (max-width: 480px) 480px, (min-width: 481px) and (max-width: 980px) 980px, (min-width: 981px) 1024px, 100vw\" \/><\/figure>\n\n\n\n<figure class=\"wp-block-image size-large\"><img decoding=\"async\" loading=\"lazy\" width=\"1024\" height=\"768\" data-id=\"1182\"  src=\"http:\/\/lu-sezana.si\/kosovelova-soba\/wp-content\/uploads\/2023\/05\/Kosovelova-soba_Kosovel-na-ulici_BranjeRafael-1-1024x768.jpg\" alt=\"\" class=\"wp-image-1182\" srcset=\"http:\/\/lu-sezana.si\/kosovelova-soba\/wp-content\/uploads\/2023\/05\/Kosovelova-soba_Kosovel-na-ulici_BranjeRafael-1-1024x768.jpg 1024w, http:\/\/lu-sezana.si\/kosovelova-soba\/wp-content\/uploads\/2023\/05\/Kosovelova-soba_Kosovel-na-ulici_BranjeRafael-1-980x735.jpg 980w, http:\/\/lu-sezana.si\/kosovelova-soba\/wp-content\/uploads\/2023\/05\/Kosovelova-soba_Kosovel-na-ulici_BranjeRafael-1-480x360.jpg 480w\" sizes=\"(min-width: 0px) and (max-width: 480px) 480px, (min-width: 481px) and (max-width: 980px) 980px, (min-width: 981px) 1024px, 100vw\" \/><\/figure>\n\n\n\n<figure class=\"wp-block-image size-large\"><img decoding=\"async\" loading=\"lazy\" width=\"768\" height=\"1024\" data-id=\"1184\"  src=\"http:\/\/lu-sezana.si\/kosovelova-soba\/wp-content\/uploads\/2023\/05\/Kosovelova-soba_Kosovel-na-ulici_BranjeMateja-1-768x1024.jpg\" alt=\"\" class=\"wp-image-1184\" srcset=\"http:\/\/lu-sezana.si\/kosovelova-soba\/wp-content\/uploads\/2023\/05\/Kosovelova-soba_Kosovel-na-ulici_BranjeMateja-1-768x1024.jpg 768w, http:\/\/lu-sezana.si\/kosovelova-soba\/wp-content\/uploads\/2023\/05\/Kosovelova-soba_Kosovel-na-ulici_BranjeMateja-1-480x640.jpg 480w\" sizes=\"(min-width: 0px) and (max-width: 480px) 480px, (min-width: 481px) 768px, 100vw\" \/><\/figure>\n\n\n\n<figure class=\"wp-block-image size-large\"><img decoding=\"async\" loading=\"lazy\" width=\"768\" height=\"1024\" data-id=\"1158\"  src=\"http:\/\/lu-sezana.si\/kosovelova-soba\/wp-content\/uploads\/2023\/05\/Kosovelova-soba_Kosovel-na-ulici_Branje2-768x1024.jpg\" alt=\"\" class=\"wp-image-1158\"\/><\/figure>\n\n\n\n<figure class=\"wp-block-image size-large\"><img decoding=\"async\" loading=\"lazy\" width=\"768\" height=\"1024\" data-id=\"1181\"  src=\"http:\/\/lu-sezana.si\/kosovelova-soba\/wp-content\/uploads\/2023\/05\/IMG_9189-2-768x1024.jpg\" alt=\"\" class=\"wp-image-1181\"\/><\/figure>\n\n\n\n<figure class=\"wp-block-image size-large\"><img decoding=\"async\" loading=\"lazy\" width=\"768\" height=\"1024\" data-id=\"1183\"  src=\"http:\/\/lu-sezana.si\/kosovelova-soba\/wp-content\/uploads\/2023\/05\/Kosovelova-soba_Kosovel-na-ulici_Branje-1-768x1024.jpg\" alt=\"\" class=\"wp-image-1183\"\/><\/figure>\n\n\n\n<figure class=\"wp-block-image size-large\"><img decoding=\"async\" loading=\"lazy\" width=\"768\" height=\"1024\" data-id=\"1159\"  src=\"http:\/\/lu-sezana.si\/kosovelova-soba\/wp-content\/uploads\/2023\/05\/Kosovelova-soba_Kosovel-na-ulici_Kastelic-768x1024.jpg\" alt=\"\" class=\"wp-image-1159\"\/><\/figure>\n\n\n\n<figure class=\"wp-block-image size-large\"><img decoding=\"async\" loading=\"lazy\" width=\"638\" height=\"1024\" data-id=\"1164\"  src=\"http:\/\/lu-sezana.si\/kosovelova-soba\/wp-content\/uploads\/2023\/05\/Kosovelova-soba_Kosovel-na-ulici_KonsSlika_2-638x1024.jpg\" alt=\"\" class=\"wp-image-1164\"\/><\/figure>\n\n\n\n<figure class=\"wp-block-image size-large\"><img decoding=\"async\" loading=\"lazy\" width=\"768\" height=\"1024\" data-id=\"1186\"  src=\"http:\/\/lu-sezana.si\/kosovelova-soba\/wp-content\/uploads\/2023\/05\/Kosovelova-soba_Kosovel-na-ulici_Kastelic2-1-768x1024.jpg\" alt=\"\" class=\"wp-image-1186\" srcset=\"http:\/\/lu-sezana.si\/kosovelova-soba\/wp-content\/uploads\/2023\/05\/Kosovelova-soba_Kosovel-na-ulici_Kastelic2-1-768x1024.jpg 768w, http:\/\/lu-sezana.si\/kosovelova-soba\/wp-content\/uploads\/2023\/05\/Kosovelova-soba_Kosovel-na-ulici_Kastelic2-1-480x640.jpg 480w\" sizes=\"(min-width: 0px) and (max-width: 480px) 480px, (min-width: 481px) 768px, 100vw\" \/><\/figure>\n\n\n\n<figure class=\"wp-block-image size-large\"><img decoding=\"async\" loading=\"lazy\" width=\"768\" height=\"1024\" data-id=\"1166\"  src=\"http:\/\/lu-sezana.si\/kosovelova-soba\/wp-content\/uploads\/2023\/05\/Kosovelova-soba_Kosovel-na-ulici_Pesmomat-768x1024.jpg\" alt=\"\" class=\"wp-image-1166\"\/><\/figure>\n\n\n\n<figure class=\"wp-block-image size-large\"><img decoding=\"async\" loading=\"lazy\" width=\"768\" height=\"1024\" data-id=\"1167\"  src=\"http:\/\/lu-sezana.si\/kosovelova-soba\/wp-content\/uploads\/2023\/05\/Kosovelova-soba_Kosovel-na-ulici_Pesmomat_kons5-768x1024.jpg\" alt=\"\" class=\"wp-image-1167\"\/><\/figure>\n\n\n\n<figure class=\"wp-block-image size-large\"><img decoding=\"async\" loading=\"lazy\" width=\"768\" height=\"1024\" data-id=\"1187\"  src=\"http:\/\/lu-sezana.si\/kosovelova-soba\/wp-content\/uploads\/2023\/05\/Kosovelova-soba_Kosovel-na-ulici_Pesmomat2-1-768x1024.jpg\" alt=\"\" class=\"wp-image-1187\"\/><figcaption class=\"wp-element-caption\">Kosovel na ulici 2024<\/figcaption><\/figure>\n\n\n\n<figure class=\"wp-block-image size-large\"><img decoding=\"async\" loading=\"lazy\" width=\"768\" height=\"1024\" data-id=\"1185\"  src=\"http:\/\/lu-sezana.si\/kosovelova-soba\/wp-content\/uploads\/2023\/05\/Kosovelova-soba_Kosovel-na-ulici_Modna-revija-1-768x1024.jpg\" alt=\"\" class=\"wp-image-1185\"\/><\/figure>\n\n\n\n<figure class=\"wp-block-image size-large\"><img decoding=\"async\" loading=\"lazy\" width=\"768\" height=\"1024\" data-id=\"1170\"  src=\"http:\/\/lu-sezana.si\/kosovelova-soba\/wp-content\/uploads\/2023\/05\/Kosovelova-soba_Kosovel-na-ulici_Street-art-768x1024.jpg\" alt=\"\" class=\"wp-image-1170\"\/><\/figure>\n\n\n\n<figure class=\"wp-block-image size-large\"><img decoding=\"async\" loading=\"lazy\" width=\"768\" height=\"1024\" data-id=\"1172\"  src=\"http:\/\/lu-sezana.si\/kosovelova-soba\/wp-content\/uploads\/2023\/05\/Kosovelova-soba_Kosovel-na-ulici_Street-art2-768x1024.jpg\" alt=\"\" class=\"wp-image-1172\" srcset=\"http:\/\/lu-sezana.si\/kosovelova-soba\/wp-content\/uploads\/2023\/05\/Kosovelova-soba_Kosovel-na-ulici_Street-art2-768x1024.jpg 768w, http:\/\/lu-sezana.si\/kosovelova-soba\/wp-content\/uploads\/2023\/05\/Kosovelova-soba_Kosovel-na-ulici_Street-art2-480x640.jpg 480w\" sizes=\"(min-width: 0px) and (max-width: 480px) 480px, (min-width: 481px) 768px, 100vw\" \/><\/figure>\n\n\n\n<figure class=\"wp-block-image size-large\"><img decoding=\"async\" loading=\"lazy\" width=\"1024\" height=\"768\" data-id=\"1173\"  src=\"http:\/\/lu-sezana.si\/kosovelova-soba\/wp-content\/uploads\/2023\/05\/Kosovelova-soba_Kosovel-na-ulici_Street-art3-1024x768.jpg\" alt=\"\" class=\"wp-image-1173\" srcset=\"http:\/\/lu-sezana.si\/kosovelova-soba\/wp-content\/uploads\/2023\/05\/Kosovelova-soba_Kosovel-na-ulici_Street-art3-1024x768.jpg 1024w, http:\/\/lu-sezana.si\/kosovelova-soba\/wp-content\/uploads\/2023\/05\/Kosovelova-soba_Kosovel-na-ulici_Street-art3-980x735.jpg 980w, http:\/\/lu-sezana.si\/kosovelova-soba\/wp-content\/uploads\/2023\/05\/Kosovelova-soba_Kosovel-na-ulici_Street-art3-480x360.jpg 480w\" sizes=\"(min-width: 0px) and (max-width: 480px) 480px, (min-width: 481px) and (max-width: 980px) 980px, (min-width: 981px) 1024px, 100vw\" \/><\/figure>\n\n\n\n<figure class=\"wp-block-image size-large\"><img decoding=\"async\" loading=\"lazy\" width=\"1024\" height=\"768\" data-id=\"1174\"  src=\"http:\/\/lu-sezana.si\/kosovelova-soba\/wp-content\/uploads\/2023\/05\/Razstava-OS_Kosovelova-soba_Kosovel-na-ulici-1024x768.jpg\" alt=\"\" class=\"wp-image-1174\" srcset=\"http:\/\/lu-sezana.si\/kosovelova-soba\/wp-content\/uploads\/2023\/05\/Razstava-OS_Kosovelova-soba_Kosovel-na-ulici-980x735.jpg 980w, http:\/\/lu-sezana.si\/kosovelova-soba\/wp-content\/uploads\/2023\/05\/Razstava-OS_Kosovelova-soba_Kosovel-na-ulici-480x360.jpg 480w\" sizes=\"(min-width: 0px) and (max-width: 480px) 480px, (min-width: 481px) and (max-width: 980px) 980px, (min-width: 981px) 1024px, 100vw\" \/><\/figure>\n<\/figure>\n","protected":false},"excerpt":{"rendered":"<p>Dan pred 97. obletnico smrti Sre\u010dka Kosovela smo zdru\u017eili mo\u010di in skupaj izpeljali barvit kola\u017e uli\u010dnega dogajanja v sredi\u0161\u010du Se\u017eane in pred Kosovelovim domom. Kosovelova spominska soba \u2013 Ljudska univerza Se\u017eana in Kosovelov dom Se\u017eana sta v sodelovanju s \u0160olskim centrom in Osnovno \u0161olo Sre\u010dka Kosovela Se\u017eana, Dru\u0161tvom Konstruktivist in mladinskim centrom Podlaga organizirali uli\u010dno [&hellip;]<\/p>\n","protected":false},"author":2,"featured_media":1179,"comment_status":"closed","ping_status":"closed","sticky":false,"template":"","format":"standard","meta":{"_et_pb_use_builder":"off","_et_pb_old_content":"","_et_gb_content_width":"1080"},"categories":[2],"tags":[27,13,29,30,24,25,20,12,28,26,31],"_links":{"self":[{"href":"https:\/\/lu-sezana.si\/kosovelova-soba\/wp-json\/wp\/v2\/posts\/1157"}],"collection":[{"href":"https:\/\/lu-sezana.si\/kosovelova-soba\/wp-json\/wp\/v2\/posts"}],"about":[{"href":"https:\/\/lu-sezana.si\/kosovelova-soba\/wp-json\/wp\/v2\/types\/post"}],"author":[{"embeddable":true,"href":"https:\/\/lu-sezana.si\/kosovelova-soba\/wp-json\/wp\/v2\/users\/2"}],"replies":[{"embeddable":true,"href":"https:\/\/lu-sezana.si\/kosovelova-soba\/wp-json\/wp\/v2\/comments?post=1157"}],"version-history":[{"count":2,"href":"https:\/\/lu-sezana.si\/kosovelova-soba\/wp-json\/wp\/v2\/posts\/1157\/revisions"}],"predecessor-version":[{"id":1188,"href":"https:\/\/lu-sezana.si\/kosovelova-soba\/wp-json\/wp\/v2\/posts\/1157\/revisions\/1188"}],"wp:featuredmedia":[{"embeddable":true,"href":"https:\/\/lu-sezana.si\/kosovelova-soba\/wp-json\/wp\/v2\/media\/1179"}],"wp:attachment":[{"href":"https:\/\/lu-sezana.si\/kosovelova-soba\/wp-json\/wp\/v2\/media?parent=1157"}],"wp:term":[{"taxonomy":"category","embeddable":true,"href":"https:\/\/lu-sezana.si\/kosovelova-soba\/wp-json\/wp\/v2\/categories?post=1157"},{"taxonomy":"post_tag","embeddable":true,"href":"https:\/\/lu-sezana.si\/kosovelova-soba\/wp-json\/wp\/v2\/tags?post=1157"}],"curies":[{"name":"wp","href":"https:\/\/api.w.org\/{rel}","templated":true}]}}