{"id":1153,"date":"2023-05-23T07:41:56","date_gmt":"2023-05-23T07:41:56","guid":{"rendered":"http:\/\/lu-sezana.si\/kosovelova-soba\/?p=1153"},"modified":"2023-05-29T08:29:15","modified_gmt":"2023-05-29T08:29:15","slug":"kosovel-na-ulici","status":"publish","type":"post","link":"https:\/\/lu-sezana.si\/kosovelova-soba\/kosovel-na-ulici\/","title":{"rendered":"KOSOVEL NA ULICI &#8211; najava dogodka"},"content":{"rendered":"\n<p><strong>Uli\u010dni dogodek ob 97. obletnici smrti Sre\u010dka Kosovela<\/strong><\/p>\n\n\n\n<p>Kosovelova spominska soba &#8211; Ljudska univerza Se\u017eana in Kosovelov dom Se\u017eana v sodelovanju z Osnovno \u0161olo in \u0160olskim centrom Sre\u010dka Kosovela Se\u017eana, MC Podlaga in Dru\u0161tvom Konstruktivist pripravljata<\/p>\n\n\n\n<p>uli\u010dni dogodek KOSOVEL NA ULICI, ki se bo zgodil dan pred obletnico, v <strong>petek, 26. maja 2023<\/strong> s pri\u010detkom ob 10. uri.<\/p>\n\n\n\n<p>Na ta dan bomo obele\u017eili obletnico smrti Sre\u010dka Kosovela s pestrim dogajanjem na razli\u010dnih zunanjih prizori\u0161\u010dih v Se\u017eani.<\/p>\n\n\n\n<ul>\n<li><strong>plo\u010dnik pri tr\u017enici v sredi\u0161\u010du Se\u017eane med 10. in 12.30 uro<\/strong>\n<ul>\n<li>PESMOMAT\n<ul>\n<li>Pesmomat je poeti\u010dna ma\u0161ina Dru\u0161tva slovenskih pisateljev, ki bo v Se\u017eano pripeljala poezijo tja, kjer so ljudje. Mimoido\u010dim, ki se bodo skozi sredi\u0161\u010de Se\u017eane odpravili po razli\u010dnih opravkih ali kar tako na sprehod, bo omogo\u010dila, da za kovanec kupijo pesem in si tako polep\u0161ajo dan.<\/li>\n<\/ul>\n<\/li>\n<\/ul>\n<\/li>\n<\/ul>\n\n\n\n<p>Vabljeni, da preizkusite Pesmomat, si tako s pesmijo polep\u0161ate vsakdan in podprete avtorje in avtorice.<\/p>\n\n\n\n<ul>\n<li>branje poezije<ul><li>Na plo\u010dniku ob tr\u017enici boste lahko mimoido\u010di soustvarili dogodek tako, da boste prebrali pesem ali dve, lahko pesem Sre\u010dka Kosovela, pesem iz Pesmomata, svojo avtorsko ali katerokoli drugo pesem. Z branjem bodo sodelovali tudi u\u010denci in dijaki se\u017eanskih \u0161ol.<\/li><\/ul><ul><li>predstavitev izdelkov nastalih po navdihu pri Sre\u010dku Kosovelu<\/li><\/ul>\n<ul>\n<li>slikanje v \u017eivo u\u010dencev in dijakov O\u0160 in \u0160C S. Kosovela Se\u017eana<\/li>\n<\/ul>\n<\/li>\n\n\n\n<li><strong>plo\u0161\u010dad ob baru Pri Valterju<\/strong>\n<ul>\n<li>slikanje v \u017eivo u\u010dencev in dijakov O\u0160 in \u0160C S. Kosovela Se\u017eana<\/li>\n<\/ul>\n<\/li>\n\n\n\n<li><strong>latnik ob poslovnem kompleksu nasproti Kosovelovega doma<\/strong>\n<ul>\n<li>razstava slik\/izdelkov dijakov in u\u010dencev se\u017eanskih \u0161ol<\/li>\n<\/ul>\n<\/li>\n\n\n\n<li><strong>plo\u0161\u010dad pred Kosovelovim domom Se\u017eana ob 12.30 uri<\/strong>\n<ul>\n<li>modna revija dijakov \u0160olskega Centra Sre\u010dka Kosovela Se\u017eana<\/li>\n<\/ul>\n<\/li>\n<\/ul>\n","protected":false},"excerpt":{"rendered":"<p>Uli\u010dni dogodek ob 97. obletnici smrti Sre\u010dka Kosovela Kosovelova spominska soba &#8211; Ljudska univerza Se\u017eana in Kosovelov dom Se\u017eana v sodelovanju z Osnovno \u0161olo in \u0160olskim centrom Sre\u010dka Kosovela Se\u017eana, MC Podlaga in Dru\u0161tvom Konstruktivist pripravljata uli\u010dni dogodek KOSOVEL NA ULICI, ki se bo zgodil dan pred obletnico, v petek, 26. maja 2023 s pri\u010detkom [&hellip;]<\/p>\n","protected":false},"author":2,"featured_media":1154,"comment_status":"closed","ping_status":"closed","sticky":false,"template":"","format":"standard","meta":{"_et_pb_use_builder":"off","_et_pb_old_content":"","_et_gb_content_width":"1080"},"categories":[2],"tags":[23,13,24,25,20,12,26],"_links":{"self":[{"href":"https:\/\/lu-sezana.si\/kosovelova-soba\/wp-json\/wp\/v2\/posts\/1153"}],"collection":[{"href":"https:\/\/lu-sezana.si\/kosovelova-soba\/wp-json\/wp\/v2\/posts"}],"about":[{"href":"https:\/\/lu-sezana.si\/kosovelova-soba\/wp-json\/wp\/v2\/types\/post"}],"author":[{"embeddable":true,"href":"https:\/\/lu-sezana.si\/kosovelova-soba\/wp-json\/wp\/v2\/users\/2"}],"replies":[{"embeddable":true,"href":"https:\/\/lu-sezana.si\/kosovelova-soba\/wp-json\/wp\/v2\/comments?post=1153"}],"version-history":[{"count":3,"href":"https:\/\/lu-sezana.si\/kosovelova-soba\/wp-json\/wp\/v2\/posts\/1153\/revisions"}],"predecessor-version":[{"id":1189,"href":"https:\/\/lu-sezana.si\/kosovelova-soba\/wp-json\/wp\/v2\/posts\/1153\/revisions\/1189"}],"wp:featuredmedia":[{"embeddable":true,"href":"https:\/\/lu-sezana.si\/kosovelova-soba\/wp-json\/wp\/v2\/media\/1154"}],"wp:attachment":[{"href":"https:\/\/lu-sezana.si\/kosovelova-soba\/wp-json\/wp\/v2\/media?parent=1153"}],"wp:term":[{"taxonomy":"category","embeddable":true,"href":"https:\/\/lu-sezana.si\/kosovelova-soba\/wp-json\/wp\/v2\/categories?post=1153"},{"taxonomy":"post_tag","embeddable":true,"href":"https:\/\/lu-sezana.si\/kosovelova-soba\/wp-json\/wp\/v2\/tags?post=1153"}],"curies":[{"name":"wp","href":"https:\/\/api.w.org\/{rel}","templated":true}]}}