{"id":1111,"date":"2023-03-06T11:36:57","date_gmt":"2023-03-06T11:36:57","guid":{"rendered":"http:\/\/lu-sezana.si\/kosovelova-soba\/?p=1111"},"modified":"2023-03-06T14:22:46","modified_gmt":"2023-03-06T14:22:46","slug":"pogovorni-vecer-z-dragico-sosic","status":"publish","type":"post","link":"https:\/\/lu-sezana.si\/kosovelova-soba\/pogovorni-vecer-z-dragico-sosic\/","title":{"rendered":"Pogovorni ve\u010der z Dragico Sosi\u010d"},"content":{"rendered":"\n<p>V tednu, ko obele\u017eujemo obletnico rojstva Sre\u010dka Kosovela, vabljeni na <\/p>\n\n\n\n<h1>pogovorni ve\u010der z gospo Dragico Sosi\u010d<\/h1>\n\n\n\n<p>v <strong>Kosovelovo spominsko sobo<\/strong><\/p>\n\n\n\n<p>v 2. nadstropju stavbe Ljudske univerze Se\u017eana na Bazovi\u0161ki cesti 9 v Se\u017eani <\/p>\n\n\n\n<p>v <strong>sredo, 15. marca 2023<\/strong>, ob <strong>18.00<\/strong>.<\/p>\n\n\n\n<p>Pogovor o dru\u017eini Kosovel in pesniku Sre\u010dku, o du\u0161i Kosovelove doma\u010dije in vrtu ob hi\u0161i, o sre\u010devanju in \u0161e \u010dem bo vodila profesorica sloven\u0161\u010dine Irena Doljak. <\/p>\n\n\n\n<p>Vljudno vabljeni!<\/p>\n","protected":false},"excerpt":{"rendered":"<p>V tednu, ko obele\u017eujemo obletnico rojstva Sre\u010dka Kosovela, vabljeni na pogovorni ve\u010der z gospo Dragico Sosi\u010d v Kosovelovo spominsko sobo v 2. nadstropju stavbe Ljudske univerze Se\u017eana na Bazovi\u0161ki cesti 9 v Se\u017eani v sredo, 15. marca 2023, ob 18.00. Pogovor o dru\u017eini Kosovel in pesniku Sre\u010dku, o du\u0161i Kosovelove doma\u010dije in vrtu ob hi\u0161i, [&hellip;]<\/p>\n","protected":false},"author":2,"featured_media":1112,"comment_status":"closed","ping_status":"closed","sticky":false,"template":"","format":"standard","meta":{"_et_pb_use_builder":"off","_et_pb_old_content":"","_et_gb_content_width":"1080"},"categories":[2],"tags":[15,17,16,19,13,20,14,12],"_links":{"self":[{"href":"https:\/\/lu-sezana.si\/kosovelova-soba\/wp-json\/wp\/v2\/posts\/1111"}],"collection":[{"href":"https:\/\/lu-sezana.si\/kosovelova-soba\/wp-json\/wp\/v2\/posts"}],"about":[{"href":"https:\/\/lu-sezana.si\/kosovelova-soba\/wp-json\/wp\/v2\/types\/post"}],"author":[{"embeddable":true,"href":"https:\/\/lu-sezana.si\/kosovelova-soba\/wp-json\/wp\/v2\/users\/2"}],"replies":[{"embeddable":true,"href":"https:\/\/lu-sezana.si\/kosovelova-soba\/wp-json\/wp\/v2\/comments?post=1111"}],"version-history":[{"count":2,"href":"https:\/\/lu-sezana.si\/kosovelova-soba\/wp-json\/wp\/v2\/posts\/1111\/revisions"}],"predecessor-version":[{"id":1118,"href":"https:\/\/lu-sezana.si\/kosovelova-soba\/wp-json\/wp\/v2\/posts\/1111\/revisions\/1118"}],"wp:featuredmedia":[{"embeddable":true,"href":"https:\/\/lu-sezana.si\/kosovelova-soba\/wp-json\/wp\/v2\/media\/1112"}],"wp:attachment":[{"href":"https:\/\/lu-sezana.si\/kosovelova-soba\/wp-json\/wp\/v2\/media?parent=1111"}],"wp:term":[{"taxonomy":"category","embeddable":true,"href":"https:\/\/lu-sezana.si\/kosovelova-soba\/wp-json\/wp\/v2\/categories?post=1111"},{"taxonomy":"post_tag","embeddable":true,"href":"https:\/\/lu-sezana.si\/kosovelova-soba\/wp-json\/wp\/v2\/tags?post=1111"}],"curies":[{"name":"wp","href":"https:\/\/api.w.org\/{rel}","templated":true}]}}