{"id":1062,"date":"2023-01-23T10:46:09","date_gmt":"2023-01-23T10:46:09","guid":{"rendered":"http:\/\/lu-sezana.si\/kosovelova-soba\/?p=1062"},"modified":"2024-04-15T09:26:56","modified_gmt":"2024-04-15T09:26:56","slug":"zanova-steklena-glava","status":"publish","type":"post","link":"https:\/\/lu-sezana.si\/kosovelova-soba\/zanova-steklena-glava\/","title":{"rendered":"DOGODKI"},"content":{"rendered":"\n<p class=\"has-medium-font-size\"><a href=\"https:\/\/lu-sezana.si\/kosovelova-soba\/odprto-offen\/\" target=\"_blank\" rel=\"noreferrer noopener\">ODPRTO &#8211; OFFen<\/a> &#8211; predstavitev nem\u0161kega prevoda pesmi in misli Sre\u010dka Kosovela in otvoritev razstave \u0161tudentov in \u0161tudentk Akademije za likovno umetnost in oblikovanje Univerze v Ljubljani. &#8211; 29. marca 2024 &#8211; razstava na ogled do 31. oktobra 2024.<\/p>\n\n\n\n<p class=\"has-medium-font-size\"><a href=\"http:\/\/lu-sezana.si\/kosovelova-soba\/dogodki-ob-120-obletnici-rojstva-srecka-kosovela\/\">Dogodki ob 120. obletnici rojstva Sre\u010dka Kosovela<\/a> &#8211; od 29. marca do 17. maja 2024 v Kosovelovi sobi<\/p>\n\n\n\n<div class=\"is-layout-flex wp-container-4 wp-block-columns\">\n<div class=\"is-layout-flow wp-block-column\" style=\"flex-basis:100%\">\n<figure class=\"is-layout-flex wp-block-gallery-1 wp-block-gallery has-nested-images columns-default is-cropped\">\n<figure class=\"wp-block-image size-large\"><img decoding=\"async\" loading=\"lazy\" width=\"940\" height=\"788\" src=\"https:\/\/lu-sezana.si\/kosovelova-soba\/wp-content\/uploads\/2024\/03\/120-letnica-S-Kosovela_2.jpg\" alt=\"\" class=\"wp-image-1310\" srcset=\"https:\/\/lu-sezana.si\/kosovelova-soba\/wp-content\/uploads\/2024\/03\/120-letnica-S-Kosovela_2.jpg 940w, https:\/\/lu-sezana.si\/kosovelova-soba\/wp-content\/uploads\/2024\/03\/120-letnica-S-Kosovela_2-480x402.jpg 480w\" sizes=\"(min-width: 0px) and (max-width: 480px) 480px, (min-width: 481px) 940px, 100vw\" \/><\/figure>\n<\/figure>\n<\/div>\n<\/div>\n\n\n\n<p class=\"has-medium-font-size\"><strong><a href=\"http:\/\/lu-sezana.si\/kosovelova-soba\/performans-s-poezijo-vladimirja-majakovskega-2\/\">Performans s poezijo Vladimirja Majakovskega<\/a><\/strong> &#8211; 1. marec 2024, Kosovelova spominska soba<\/p>\n\n\n\n<p class=\"has-medium-font-size\"><a href=\"https:\/\/lu-sezana.si\/kosovelova-soba\/kosovel-na-ulici-2\/\"><strong>Kosovel na ulici<\/strong><\/a> &#8211; petek, 26. 5. 2023, uli\u010dna intervencija ob obletnici smrti Sre\u010dka Kosovela <\/p>\n","protected":false},"excerpt":{"rendered":"<p>ODPRTO &#8211; OFFen &#8211; predstavitev nem\u0161kega prevoda pesmi in misli Sre\u010dka Kosovela in otvoritev razstave \u0161tudentov in \u0161tudentk Akademije za likovno umetnost in oblikovanje Univerze v Ljubljani. &#8211; 29. marca 2024 &#8211; razstava na ogled do 31. oktobra 2024. Dogodki ob 120. obletnici rojstva Sre\u010dka Kosovela &#8211; od 29. marca do 17. maja 2024 v [&hellip;]<\/p>\n","protected":false},"author":2,"featured_media":0,"comment_status":"closed","ping_status":"closed","sticky":false,"template":"","format":"standard","meta":{"_et_pb_use_builder":"off","_et_pb_old_content":"","_et_gb_content_width":"1080"},"categories":[2,1],"tags":[50,27,32,13,24,53,54,25,20,52,12,28,26,51],"_links":{"self":[{"href":"https:\/\/lu-sezana.si\/kosovelova-soba\/wp-json\/wp\/v2\/posts\/1062"}],"collection":[{"href":"https:\/\/lu-sezana.si\/kosovelova-soba\/wp-json\/wp\/v2\/posts"}],"about":[{"href":"https:\/\/lu-sezana.si\/kosovelova-soba\/wp-json\/wp\/v2\/types\/post"}],"author":[{"embeddable":true,"href":"https:\/\/lu-sezana.si\/kosovelova-soba\/wp-json\/wp\/v2\/users\/2"}],"replies":[{"embeddable":true,"href":"https:\/\/lu-sezana.si\/kosovelova-soba\/wp-json\/wp\/v2\/comments?post=1062"}],"version-history":[{"count":10,"href":"https:\/\/lu-sezana.si\/kosovelova-soba\/wp-json\/wp\/v2\/posts\/1062\/revisions"}],"predecessor-version":[{"id":1350,"href":"https:\/\/lu-sezana.si\/kosovelova-soba\/wp-json\/wp\/v2\/posts\/1062\/revisions\/1350"}],"wp:attachment":[{"href":"https:\/\/lu-sezana.si\/kosovelova-soba\/wp-json\/wp\/v2\/media?parent=1062"}],"wp:term":[{"taxonomy":"category","embeddable":true,"href":"https:\/\/lu-sezana.si\/kosovelova-soba\/wp-json\/wp\/v2\/categories?post=1062"},{"taxonomy":"post_tag","embeddable":true,"href":"https:\/\/lu-sezana.si\/kosovelova-soba\/wp-json\/wp\/v2\/tags?post=1062"}],"curies":[{"name":"wp","href":"https:\/\/api.w.org\/{rel}","templated":true}]}}