{"id":1278,"date":"2024-03-06T09:43:18","date_gmt":"2024-03-06T09:43:18","guid":{"rendered":"http:\/\/lu-sezana.si\/kosovelova-soba\/?p=1278"},"modified":"2024-03-06T09:46:37","modified_gmt":"2024-03-06T09:46:37","slug":"performans-s-poezijo-vladimirja-majakovskega-2","status":"publish","type":"post","link":"http:\/\/lu-sezana.si\/kosovelova-soba\/performans-s-poezijo-vladimirja-majakovskega-2\/","title":{"rendered":"Performans s poezijo Vladimirja Majakovskega"},"content":{"rendered":"\n<p class=\"has-medium-font-size\"><\/p>\n\n\n\n<p><strong>Vladimir, ustavi se&#8230;.&nbsp;<\/strong><\/p>\n\n\n\n<p>V petek, 1. marca 2024 smo imeli odli\u010den uvod v mesec marec, ko praznujemo 120. rojstni dan Sre\u010dka Kosovela (18. 3. 1904, Se\u017eana &#8211; 27. 5. 1926, Tomaj). Miklav\u017e Komelj in Lado Jak\u0161a sta s pesni\u0161ko-glasbeno-vizualnim performansom, ki zdru\u017euje recitacijo poezije Majakovskega v Komeljevih prevodih in v \u017eivo izvajano Jak\u0161evo&nbsp;avtorsko glasbo ter njegove multivizije, ustvarila priklicevanje \u017eive navzo\u010dnosti pesnika, ki je s svojo poezijo in s svojim \u017eivljenjem poosebil tragi\u010dne notranje napetosti sovjetske revolucije. Spoznali smo razli\u010dne vidike njegove poezije, od zgodnjega futuristi\u010dnega obdobja do verzov, ki so jih po njegovi smrti na\u0161li v njegovi bele\u017enici. Miklav\u017e Komelj nas je v uvodnem nagovoru uvedel v zgodovinsko usodo te poezije tudi preko Sre\u010dka Kosovela. Glasba in fotografija Lada Jak\u0161e pa je dramatur\u0161ko nadgrajevala dialog z ve\u010d kot aktualno prezenco besedil Vladimirja Majakovskega, ki tudi po 100 letih kriti\u010dno nagovarja dana\u0161nji \u010das.<\/p>\n\n\n\n<p><strong>Ne ustavlja se&#8230;<\/strong><\/p>\n\n\n\n<figure class=\"is-layout-flex wp-block-gallery-1 wp-block-gallery has-nested-images columns-default is-cropped\">\n<figure class=\"wp-block-image size-large\"><img decoding=\"async\" loading=\"lazy\" width=\"768\" height=\"1024\" data-id=\"1279\"  src=\"http:\/\/lu-sezana.si\/kosovelova-soba\/wp-content\/uploads\/2024\/03\/Majakovski_1-1-768x1024.jpg\" alt=\"\" class=\"wp-image-1279\"\/><\/figure>\n\n\n\n<figure class=\"wp-block-image size-large\"><img decoding=\"async\" loading=\"lazy\" width=\"768\" height=\"1024\" data-id=\"1282\"  src=\"http:\/\/lu-sezana.si\/kosovelova-soba\/wp-content\/uploads\/2024\/03\/Majakovski_2-1-768x1024.jpg\" alt=\"\" class=\"wp-image-1282\"\/><\/figure>\n\n\n\n<figure class=\"wp-block-image size-large\"><img decoding=\"async\" loading=\"lazy\" width=\"768\" height=\"1024\" data-id=\"1281\"  src=\"http:\/\/lu-sezana.si\/kosovelova-soba\/wp-content\/uploads\/2024\/03\/Majakovski_3-1-768x1024.jpg\" alt=\"\" class=\"wp-image-1281\"\/><\/figure>\n\n\n\n<figure class=\"wp-block-image size-large\"><img decoding=\"async\" loading=\"lazy\" width=\"1024\" height=\"768\" data-id=\"1283\"  src=\"http:\/\/lu-sezana.si\/kosovelova-soba\/wp-content\/uploads\/2024\/03\/Majakovski_4-1-1024x768.jpg\" alt=\"\" class=\"wp-image-1283\" srcset=\"http:\/\/lu-sezana.si\/kosovelova-soba\/wp-content\/uploads\/2024\/03\/Majakovski_4-1-980x735.jpg 980w, http:\/\/lu-sezana.si\/kosovelova-soba\/wp-content\/uploads\/2024\/03\/Majakovski_4-1-480x360.jpg 480w\" sizes=\"(min-width: 0px) and (max-width: 480px) 480px, (min-width: 481px) and (max-width: 980px) 980px, (min-width: 981px) 1024px, 100vw\" \/><\/figure>\n\n\n\n<figure class=\"wp-block-image size-large\"><img decoding=\"async\" loading=\"lazy\" width=\"1024\" height=\"1024\" data-id=\"1286\"  src=\"http:\/\/lu-sezana.si\/kosovelova-soba\/wp-content\/uploads\/2024\/03\/Miklavz-Komelj-Lado-Jaksa-IG-1024x1024.jpg\" alt=\"\" class=\"wp-image-1286\" srcset=\"http:\/\/lu-sezana.si\/kosovelova-soba\/wp-content\/uploads\/2024\/03\/Miklavz-Komelj-Lado-Jaksa-IG-1024x1024.jpg 1024w, http:\/\/lu-sezana.si\/kosovelova-soba\/wp-content\/uploads\/2024\/03\/Miklavz-Komelj-Lado-Jaksa-IG-980x980.jpg 980w, http:\/\/lu-sezana.si\/kosovelova-soba\/wp-content\/uploads\/2024\/03\/Miklavz-Komelj-Lado-Jaksa-IG-480x480.jpg 480w\" sizes=\"(min-width: 0px) and (max-width: 480px) 480px, (min-width: 481px) and (max-width: 980px) 980px, (min-width: 981px) 1024px, 100vw\" \/><\/figure>\n<\/figure>\n","protected":false},"excerpt":{"rendered":"<p>Vladimir, ustavi se&#8230;.&nbsp; V petek, 1. marca 2024 smo imeli odli\u010den uvod v mesec marec, ko praznujemo 120. rojstni dan Sre\u010dka Kosovela (18. 3. 1904, Se\u017eana &#8211; 27. 5. 1926, Tomaj). Miklav\u017e Komelj in Lado Jak\u0161a sta s pesni\u0161ko-glasbeno-vizualnim performansom, ki zdru\u017euje recitacijo poezije Majakovskega v Komeljevih prevodih in v \u017eivo izvajano Jak\u0161evo&nbsp;avtorsko glasbo ter [&hellip;]<\/p>\n","protected":false},"author":2,"featured_media":1284,"comment_status":"closed","ping_status":"closed","sticky":false,"template":"","format":"standard","meta":{"_et_pb_use_builder":"off","_et_pb_old_content":"","_et_gb_content_width":"1080"},"categories":[2],"tags":[],"_links":{"self":[{"href":"http:\/\/lu-sezana.si\/kosovelova-soba\/wp-json\/wp\/v2\/posts\/1278"}],"collection":[{"href":"http:\/\/lu-sezana.si\/kosovelova-soba\/wp-json\/wp\/v2\/posts"}],"about":[{"href":"http:\/\/lu-sezana.si\/kosovelova-soba\/wp-json\/wp\/v2\/types\/post"}],"author":[{"embeddable":true,"href":"http:\/\/lu-sezana.si\/kosovelova-soba\/wp-json\/wp\/v2\/users\/2"}],"replies":[{"embeddable":true,"href":"http:\/\/lu-sezana.si\/kosovelova-soba\/wp-json\/wp\/v2\/comments?post=1278"}],"version-history":[{"count":3,"href":"http:\/\/lu-sezana.si\/kosovelova-soba\/wp-json\/wp\/v2\/posts\/1278\/revisions"}],"predecessor-version":[{"id":1289,"href":"http:\/\/lu-sezana.si\/kosovelova-soba\/wp-json\/wp\/v2\/posts\/1278\/revisions\/1289"}],"wp:featuredmedia":[{"embeddable":true,"href":"http:\/\/lu-sezana.si\/kosovelova-soba\/wp-json\/wp\/v2\/media\/1284"}],"wp:attachment":[{"href":"http:\/\/lu-sezana.si\/kosovelova-soba\/wp-json\/wp\/v2\/media?parent=1278"}],"wp:term":[{"taxonomy":"category","embeddable":true,"href":"http:\/\/lu-sezana.si\/kosovelova-soba\/wp-json\/wp\/v2\/categories?post=1278"},{"taxonomy":"post_tag","embeddable":true,"href":"http:\/\/lu-sezana.si\/kosovelova-soba\/wp-json\/wp\/v2\/tags?post=1278"}],"curies":[{"name":"wp","href":"https:\/\/api.w.org\/{rel}","templated":true}]}}